{"id":2557,"date":"2021-08-08T14:37:49","date_gmt":"2021-08-08T12:37:49","guid":{"rendered":"https:\/\/afoulki-new.org\/?p=2557"},"modified":"2023-10-21T08:22:04","modified_gmt":"2023-10-21T06:22:04","slug":"le-3eme-vendredi-dafoulki-aura-lieu-un-jeudi","status":"publish","type":"post","link":"https:\/\/afoulki-new.org\/index.php\/2021\/08\/08\/le-3eme-vendredi-dafoulki-aura-lieu-un-jeudi\/","title":{"rendered":"Le 3\u00e8me vendredi d&rsquo;Afoulki aura lieu &#8230; un jeudi"},"content":{"rendered":"<p>[et_pb_section fb_built=\u00a0\u00bb1&Prime; _builder_version=\u00a0\u00bb3.22&Prime;][et_pb_row _builder_version=\u00a0\u00bb4.9.10&Prime; _module_preset=\u00a0\u00bbdefault\u00a0\u00bb][et_pb_column type=\u00a0\u00bb4_4&Prime; _builder_version=\u00a0\u00bb4.9.10&Prime; _module_preset=\u00a0\u00bbdefault\u00a0\u00bb][et_pb_text _builder_version=\u00a0\u00bb4.9.10&Prime; _module_preset=\u00a0\u00bbdefault\u00a0\u00bb text_font=\u00a0\u00bb|||||on|||\u00a0\u00bb text_text_color=\u00a0\u00bb#FFFFFF\u00a0\u00bb background_image=\u00a0\u00bbhttps:\/\/afoulki-new.org\/wp-content\/uploads\/2021\/07\/Fonds-bleu.png\u00a0\u00bb text_orientation=\u00a0\u00bbcenter\u00a0\u00bb background_layout=\u00a0\u00bbdark\u00a0\u00bb min_height=\u00a0\u00bb205px\u00a0\u00bb custom_padding=\u00a0\u00bb83px|||||\u00a0\u00bb]<\/p>\n<h2 style=\"text-align: center;\"><b>LE 3<sup>\u00e8me<\/sup> VENDREDI D\u2019AFOULKI AURA LIEU UN JEUDI<\/b><\/h2>\n<p>[\/et_pb_text][\/et_pb_column][\/et_pb_row][et_pb_row column_structure=\u00a0\u00bb2_5,3_5&Prime; _builder_version=\u00a0\u00bb3.25&Prime; background_size=\u00a0\u00bbinitial\u00a0\u00bb background_position=\u00a0\u00bbtop_left\u00a0\u00bb background_repeat=\u00a0\u00bbrepeat\u00a0\u00bb][et_pb_column type=\u00a0\u00bb2_5&Prime; _builder_version=\u00a0\u00bb3.0.47&Prime; custom_padding=\u00a0\u00bb|||\u00a0\u00bb custom_padding__hover=\u00a0\u00bb|||\u00a0\u00bb][et_pb_image src=\u00a0\u00bbhttps:\/\/afoulki-new.org\/wp-content\/uploads\/2021\/08\/7-Artquitania-scaled.jpg\u00a0\u00bb title_text=\u00a0\u00bb7 &#8211; Artquitania\u00a0\u00bb _builder_version=\u00a0\u00bb4.9.10&Prime; vertical_offset_tablet=\u00a0\u00bb0&Prime; horizontal_offset_tablet=\u00a0\u00bb0&Prime; z_index_tablet=\u00a0\u00bb0&Prime; box_shadow_horizontal_tablet=\u00a0\u00bb0px\u00a0\u00bb box_shadow_vertical_tablet=\u00a0\u00bb0px\u00a0\u00bb box_shadow_blur_tablet=\u00a0\u00bb40px\u00a0\u00bb box_shadow_spread_tablet=\u00a0\u00bb0px\u00a0\u00bb][\/et_pb_image][\/et_pb_column][et_pb_column type=\u00a0\u00bb3_5&Prime; _builder_version=\u00a0\u00bb3.0.47&Prime; custom_padding=\u00a0\u00bb|||\u00a0\u00bb custom_padding__hover=\u00a0\u00bb|||\u00a0\u00bb][et_pb_accordion open_toggle_background_color=\u00a0\u00bbRGBA(0,0,0,0)\u00a0\u00bb closed_toggle_background_color=\u00a0\u00bbRGBA(0,0,0,0)\u00a0\u00bb _builder_version=\u00a0\u00bb4.9.10&Prime; _module_preset=\u00a0\u00bbdefault\u00a0\u00bb toggle_level=\u00a0\u00bbh2&Prime; toggle_text_align=\u00a0\u00bbcenter\u00a0\u00bb closed_toggle_text_align=\u00a0\u00bbcenter\u00a0\u00bb background_color=\u00a0\u00bbRGBA(0,0,0,0)\u00a0\u00bb text_orientation=\u00a0\u00bbcenter\u00a0\u00bb animation_style=\u00a0\u00bbflip\u00a0\u00bb][et_pb_accordion_item title=\u00a0\u00bbDe la musique classique de tr\u00e8s haute vol\u00e9e pour le diner-spectacle du mois d\u2019ao\u00fbt\u00a0\u00bb open=\u00a0\u00bbon\u00a0\u00bb _builder_version=\u00a0\u00bb4.9.10&Prime; _module_preset=\u00a0\u00bbdefault\u00a0\u00bb]<\/p>\n<p>La vie culturelle, tr\u00e9pidante et renaissante, dans la Citadelle nous a contraint \u00e0 quelque peu modifier notre calendrier de nos soir\u00e9es mensuelles \u00ab\u00a0Les Vendredis d\u2019Afoulki\u00a0\u00bb.<\/p>\n<p>C\u2019est dans le clo\u00eetre du Couvent des Minimes que nous tenions \u00e0 recevoir le quatuor \u00e0 cordes ARTQUITANIA, et ce bel espace ne sera disponible que le jeudi <strong>19 ao\u00fbt<\/strong>.<\/p>\n<p>Alors, on s\u2019adapte\u00a0!<\/p>\n<p>Dans le rythme instaur\u00e9 depuis juin, ce sera l\u2019ap\u00e9ro\/tapas d\u00e8s 18h30, dans les jardins de \u00a0l\u2019Espace AFOULKI, pour aussi la d\u00e9couverte du commerce \u00e9quitable et de l\u2019exposition \u00ab\u00a0Souvenirs de Racines de Kaouthar Zoukmani\u00a0\u00bb.<\/p>\n<p>Travers\u00e9e vers 19h30\/20h00 de la rue du Couvent des Minimes pour le concert d\u2019ARTQUITANIA, puis diner propos\u00e9 par \u00ab\u00a0Le Bastion\u00a0\u00bb, avant, sans doute une petite rallonge avanc\u00e9e par nos 4 musiciens.<\/p>\n<p>Fin des hostilit\u00e9s vers 20h30\/23h ..\u00a0!<\/p>\n<p>[\/et_pb_accordion_item][et_pb_accordion_item title=\u00a0\u00bbARTQUITANIA\u00a0\u00bb _builder_version=\u00a0\u00bb4.9.10&Prime; _module_preset=\u00a0\u00bbdefault\u00a0\u00bb open=\u00a0\u00bboff\u00a0\u00bb]<\/p>\n<p><em>Les quatre musiciens sont tous issus de l\u2019ONBA (Orchestre National Bordeaux Aquitaine).<\/em><\/p>\n<p><strong>Carole M\u00e9rino<\/strong> est 1<sup>er<\/sup> violon. Premier prix du conservatoire de Toulouse, elle a travaill\u00e9 au sein de l\u2019Orchestre du Capitole, mais aussi ceux de San S\u00e9bastian, Montpellier, pour int\u00e9grer Bordeaux en 1990.<\/p>\n<p><strong>Alysson Hottua-Demarie<\/strong> est 2<sup>\u00e8me<\/sup> violon. Elle a obtenu en 1997 une m\u00e9daille d\u2019or de violon et de musique de chambre, et, en 1998, le prix d\u2019honneur de la ville de Bordeaux. Elle se consacre d\u00e9sormais au quatuor et aux formations symphoniques au sein de l\u2019orchestre de Bayonne et de l\u2019ONBA.<\/p>\n<p><strong>Jean-Marie Curto<\/strong> est Alto. Prix de violon et d\u2019alto \u00e0 Bordeaux, il int\u00e8gre ensuite l\u2019Orchestre du Capitole \u00e0 Bordeaux apr\u00e8s avoir suivi un parcours dans le milieu du Jazz. Il fut altiste \u00e0 l\u2019ONBA sous la direction de Roberto Benzi \u00e0 Alain Lombart.<\/p>\n<p><strong>Jean Bataillon<\/strong> est violoncelliste. Apr\u00e8s sa licence de musicologie et ses premi\u00e8res distinctions au CNR de Strasbourg, il rejoint les rangs de l\u2019ONBA, et se poursuit d\u00e9sormais en sonate, trio quatuor, ainsi que dans des quintettes de tango.<\/p>\n<p><em>Les musiciens ont pr\u00e9vu\u00a0:<\/em><\/p>\n<p><strong>Chaconne en sol mineur de Purcell &#8211; Duo pour alto violoncelle de Stamitz &#8211; 1er mouvement concerto en r\u00e9 majeur de JS Bach pour 2 violons\u00a0 &#8211; Divertimento en re Majeur K 136 Mozart<\/strong><\/p>\n<p>Et, si le public est sage, sans doute un petit rab pour un ou 2 ragtimes<\/p>\n<p>[\/et_pb_accordion_item][et_pb_accordion_item title=\u00a0\u00bbConditions\u00a0\u00bb _builder_version=\u00a0\u00bb4.9.10&Prime; _module_preset=\u00a0\u00bbdefault\u00a0\u00bb open=\u00a0\u00bboff\u00a0\u00bb]<\/p>\n<p><strong>RDV \u00ab\u00a0Espace Afoulki\u00a0\u00bb &#8211; JEUDI 19 AOUT \u2013 18h30 \u2013 13\/15 rue du Couvent des Minimes<\/strong><\/p>\n<ul>\n<li><strong>Ap\u00e9ro\/tapas\/repas\u00a0: 12\u20ac<\/strong><\/li>\n<li><strong>Concert\u00a0: gratuit<\/strong><\/li>\n<li><strong>PASS SANITAIRE OBLIGATOIRE<\/strong><\/li>\n<\/ul>\n<p><strong>Renseignements &#8211; R\u00e9servations\u00a0: 06 80 57 19 46 \u2013 <a href=\"mailto:afoulkifrance@gmail.com\">afoulkifrance@gmail.com<\/a><\/strong><\/p>\n<p>[\/et_pb_accordion_item][\/et_pb_accordion][\/et_pb_column][\/et_pb_row][\/et_pb_section]<\/p>\n","protected":false},"excerpt":{"rendered":"<p>De la musique classique de tr\u00e8s haute vol\u00e9e pour le diner-spectacle du mois d\u2019ao\u00fbt<\/p>\n","protected":false},"author":1,"featured_media":2688,"comment_status":"closed","ping_status":"open","sticky":false,"template":"","format":"standard","meta":{"_et_pb_use_builder":"on","_et_pb_old_content":"","_et_gb_content_width":"","_jetpack_memberships_contains_paid_content":false,"footnotes":""},"categories":[11,45],"tags":[58,43],"class_list":["post-2557","post","type-post","status-publish","format-standard","has-post-thumbnail","hentry","category-animation","category-important","tag-culture","tag-news"],"jetpack_featured_media_url":"https:\/\/i0.wp.com\/afoulki-new.org\/wp-content\/uploads\/2021\/08\/7-Artquitania-1-scaled.jpg?fit=2560%2C1922&ssl=1","jetpack_sharing_enabled":true,"_links":{"self":[{"href":"https:\/\/afoulki-new.org\/index.php\/wp-json\/wp\/v2\/posts\/2557","targetHints":{"allow":["GET"]}}],"collection":[{"href":"https:\/\/afoulki-new.org\/index.php\/wp-json\/wp\/v2\/posts"}],"about":[{"href":"https:\/\/afoulki-new.org\/index.php\/wp-json\/wp\/v2\/types\/post"}],"author":[{"embeddable":true,"href":"https:\/\/afoulki-new.org\/index.php\/wp-json\/wp\/v2\/users\/1"}],"replies":[{"embeddable":true,"href":"https:\/\/afoulki-new.org\/index.php\/wp-json\/wp\/v2\/comments?post=2557"}],"version-history":[{"count":19,"href":"https:\/\/afoulki-new.org\/index.php\/wp-json\/wp\/v2\/posts\/2557\/revisions"}],"predecessor-version":[{"id":2819,"href":"https:\/\/afoulki-new.org\/index.php\/wp-json\/wp\/v2\/posts\/2557\/revisions\/2819"}],"wp:featuredmedia":[{"embeddable":true,"href":"https:\/\/afoulki-new.org\/index.php\/wp-json\/wp\/v2\/media\/2688"}],"wp:attachment":[{"href":"https:\/\/afoulki-new.org\/index.php\/wp-json\/wp\/v2\/media?parent=2557"}],"wp:term":[{"taxonomy":"category","embeddable":true,"href":"https:\/\/afoulki-new.org\/index.php\/wp-json\/wp\/v2\/categories?post=2557"},{"taxonomy":"post_tag","embeddable":true,"href":"https:\/\/afoulki-new.org\/index.php\/wp-json\/wp\/v2\/tags?post=2557"}],"curies":[{"name":"wp","href":"https:\/\/api.w.org\/{rel}","templated":true}]}}