{"id":3438,"date":"2023-06-26T21:38:16","date_gmt":"2023-06-26T19:38:16","guid":{"rendered":"https:\/\/afoulki-new.org\/?p=3438"},"modified":"2023-10-21T08:21:39","modified_gmt":"2023-10-21T06:21:39","slug":"newsletter-juillet-2023","status":"publish","type":"post","link":"https:\/\/afoulki-new.org\/index.php\/2023\/06\/26\/newsletter-juillet-2023\/","title":{"rendered":"Newsletter Juillet 2023"},"content":{"rendered":"<p>[et_pb_section fb_built=\u00a0\u00bb1&Prime; fullwidth=\u00a0\u00bbon\u00a0\u00bb admin_label=\u00a0\u00bbHero\u00a0\u00bb _builder_version=\u00a0\u00bb4.16&Prime; background_image=\u00a0\u00bbhttps:\/\/afoulki-new.org\/wp-content\/uploads\/2021\/07\/Fonds-bleu.png\u00a0\u00bb background_size=\u00a0\u00bbcontain\u00a0\u00bb custom_margin=\u00a0\u00bb||\u00a0\u00bb custom_padding=\u00a0\u00bb0|0|0|0px|false|false\u00a0\u00bb global_colors_info=\u00a0\u00bb{}\u00a0\u00bb][et_pb_fullwidth_header title=\u00a0\u00bbLA NEWSLETTER \u00a0\u00bb subhead=\u00a0\u00bbJuillet 2023&Prime; text_orientation=\u00a0\u00bbcenter\u00a0\u00bb admin_label=\u00a0\u00bbFullwidth Header\u00a0\u00bb _builder_version=\u00a0\u00bb4.19.4&Prime; title_font=\u00a0\u00bbShare Tech|||on|||||\u00a0\u00bb title_text_align=\u00a0\u00bbcenter\u00a0\u00bb title_text_color=\u00a0\u00bb#E09900&Prime; title_font_size=\u00a0\u00bb80px\u00a0\u00bb title_line_height=\u00a0\u00bb1.7em\u00a0\u00bb content_font=\u00a0\u00bbAcme||||||||\u00a0\u00bb content_text_align=\u00a0\u00bbcenter\u00a0\u00bb subhead_font=\u00a0\u00bb|||on|||||\u00a0\u00bb subhead_font_size=\u00a0\u00bb50px\u00a0\u00bb subhead_line_height=\u00a0\u00bb2em\u00a0\u00bb background_color=\u00a0\u00bbrgba(0,0,0,0)\u00a0\u00bb background_color_gradient_direction=\u00a0\u00bb140deg\u00a0\u00bb background_image=\u00a0\u00bbhttps:\/\/afoulki-new.org\/wp-content\/uploads\/2021\/06\/nos-actions.jpg\u00a0\u00bb parallax=\u00a0\u00bbon\u00a0\u00bb custom_button_one=\u00a0\u00bbon\u00a0\u00bb button_one_text_size=\u00a0\u00bb15px\u00a0\u00bb button_one_border_width=\u00a0\u00bb15px\u00a0\u00bb button_one_border_radius=\u00a0\u00bb100px\u00a0\u00bb button_one_letter_spacing=\u00a0\u00bb5px\u00a0\u00bb button_one_font=\u00a0\u00bbOpen Sans|700||on|||||\u00a0\u00bb min_height=\u00a0\u00bb511.8px\u00a0\u00bb custom_margin=\u00a0\u00bb|||\u00a0\u00bb custom_padding=\u00a0\u00bb0vw||0vw||true|\u00a0\u00bb custom_padding_tablet=\u00a0\u00bb100px||100px||true\u00a0\u00bb custom_padding_phone=\u00a0\u00bb|||\u00a0\u00bb custom_padding_last_edited=\u00a0\u00bbon|desktop\u00a0\u00bb title_font_size_tablet=\u00a0\u00bb60px\u00a0\u00bb title_font_size_phone=\u00a0\u00bb36px\u00a0\u00bb title_font_size_last_edited=\u00a0\u00bbon|phone\u00a0\u00bb content_font_size_tablet=\u00a0\u00bb\u00a0\u00bb content_font_size_phone=\u00a0\u00bb16px\u00a0\u00bb content_font_size_last_edited=\u00a0\u00bbon|phone\u00a0\u00bb button_one_text_size_tablet=\u00a0\u00bb\u00a0\u00bb button_one_text_size_phone=\u00a0\u00bb\u00a0\u00bb button_one_text_size_last_edited=\u00a0\u00bbon|desktop\u00a0\u00bb button_one_border_color_hover=\u00a0\u00bb#ff8a3d\u00a0\u00bb button_one_border_radius_hover=\u00a0\u00bb100px\u00a0\u00bb button_one_letter_spacing_hover=\u00a0\u00bb5px\u00a0\u00bb button_one_bg_color_hover=\u00a0\u00bb#ff8a3d\u00a0\u00bb global_colors_info=\u00a0\u00bb{}\u00a0\u00bb button_one_text_size__hover_enabled=\u00a0\u00bboff\u00a0\u00bb button_one_text_size__hover=\u00a0\u00bbnull\u00a0\u00bb button_two_text_size__hover_enabled=\u00a0\u00bboff\u00a0\u00bb button_two_text_size__hover=\u00a0\u00bbnull\u00a0\u00bb button_one_text_color__hover_enabled=\u00a0\u00bboff\u00a0\u00bb button_one_text_color__hover=\u00a0\u00bbnull\u00a0\u00bb button_two_text_color__hover_enabled=\u00a0\u00bboff\u00a0\u00bb button_two_text_color__hover=\u00a0\u00bbnull\u00a0\u00bb button_one_border_width__hover_enabled=\u00a0\u00bboff\u00a0\u00bb button_one_border_width__hover=\u00a0\u00bbnull\u00a0\u00bb button_two_border_width__hover_enabled=\u00a0\u00bboff\u00a0\u00bb button_two_border_width__hover=\u00a0\u00bbnull\u00a0\u00bb button_one_border_color__hover_enabled=\u00a0\u00bbon\u00a0\u00bb button_one_border_color__hover=\u00a0\u00bb#ff8a3d\u00a0\u00bb button_two_border_color__hover_enabled=\u00a0\u00bboff\u00a0\u00bb button_two_border_color__hover=\u00a0\u00bbnull\u00a0\u00bb button_one_border_radius__hover_enabled=\u00a0\u00bbon\u00a0\u00bb button_one_border_radius__hover=\u00a0\u00bb100px\u00a0\u00bb button_two_border_radius__hover_enabled=\u00a0\u00bboff\u00a0\u00bb button_two_border_radius__hover=\u00a0\u00bbnull\u00a0\u00bb button_one_letter_spacing__hover_enabled=\u00a0\u00bbon\u00a0\u00bb button_one_letter_spacing__hover=\u00a0\u00bb5px\u00a0\u00bb button_two_letter_spacing__hover_enabled=\u00a0\u00bboff\u00a0\u00bb button_two_letter_spacing__hover=\u00a0\u00bbnull\u00a0\u00bb button_one_bg_color__hover_enabled=\u00a0\u00bbon\u00a0\u00bb button_one_bg_color__hover=\u00a0\u00bb#ff8a3d\u00a0\u00bb button_two_bg_color__hover_enabled=\u00a0\u00bboff\u00a0\u00bb button_two_bg_color__hover=\u00a0\u00bbnull\u00a0\u00bb][\/et_pb_fullwidth_header][\/et_pb_section][et_pb_section fb_built=\u00a0\u00bb1&Prime; module_id=\u00a0\u00bb#hautsommaire\u00a0\u00bb _builder_version=\u00a0\u00bb4.16&Prime; _module_preset=\u00a0\u00bbdefault\u00a0\u00bb custom_padding=\u00a0\u00bb||62px|||\u00a0\u00bb global_colors_info=\u00a0\u00bb{}\u00a0\u00bb][et_pb_row module_id=\u00a0\u00bbSommaire\u00a0\u00bb _builder_version=\u00a0\u00bb4.16&Prime; _module_preset=\u00a0\u00bbdefault\u00a0\u00bb background_image=\u00a0\u00bbhttps:\/\/afoulki-new.org\/wp-content\/uploads\/2021\/07\/Trame-Bleue.png\u00a0\u00bb global_colors_info=\u00a0\u00bb{}\u00a0\u00bb][et_pb_column type=\u00a0\u00bb4_4&Prime; _builder_version=\u00a0\u00bb4.16&Prime; _module_preset=\u00a0\u00bbdefault\u00a0\u00bb global_colors_info=\u00a0\u00bb{}\u00a0\u00bb][et_pb_text _builder_version=\u00a0\u00bb4.16&Prime; _module_preset=\u00a0\u00bbdefault\u00a0\u00bb global_colors_info=\u00a0\u00bb{}\u00a0\u00bb]<\/p>\n<h1 style=\"text-align: center;\">Sommaire<\/h1>\n<p>[\/et_pb_text][\/et_pb_column][\/et_pb_row][et_pb_row column_structure=\u00a0\u00bb1_3,1_3,1_3&Prime; _builder_version=\u00a0\u00bb4.16&Prime; _module_preset=\u00a0\u00bbdefault\u00a0\u00bb global_colors_info=\u00a0\u00bb{}\u00a0\u00bb][et_pb_column type=\u00a0\u00bb1_3&Prime; _builder_version=\u00a0\u00bb4.16&Prime; _module_preset=\u00a0\u00bbdefault\u00a0\u00bb global_colors_info=\u00a0\u00bb{}\u00a0\u00bb][et_pb_button button_url=\u00a0\u00bb#Bouton1&Prime; button_text=\u00a0\u00bb\u00ab Pr\u00e9cieuses racines \u00bb\u00a0\u00bb button_alignment=\u00a0\u00bbcenter\u00a0\u00bb admin_label=\u00a0\u00bbSida marron\u00a0\u00bb _builder_version=\u00a0\u00bb4.19.4&Prime; _module_preset=\u00a0\u00bbdefault\u00a0\u00bb custom_button=\u00a0\u00bbon\u00a0\u00bb button_text_size=\u00a0\u00bb16px\u00a0\u00bb button_text_color=\u00a0\u00bb#FFFFFF\u00a0\u00bb button_bg_color=\u00a0\u00bb#f2932b\u00a0\u00bb button_border_width=\u00a0\u00bb0px\u00a0\u00bb button_icon_color=\u00a0\u00bb#0C71C3&Prime; transform_scale=\u00a0\u00bb147%|147%\u00a0\u00bb background_layout=\u00a0\u00bbdark\u00a0\u00bb animation_style=\u00a0\u00bbbounce\u00a0\u00bb global_colors_info=\u00a0\u00bb{}\u00a0\u00bb][\/et_pb_button][\/et_pb_column][et_pb_column type=\u00a0\u00bb1_3&Prime; _builder_version=\u00a0\u00bb4.16&Prime; _module_preset=\u00a0\u00bbdefault\u00a0\u00bb global_colors_info=\u00a0\u00bb{}\u00a0\u00bb][et_pb_button button_url=\u00a0\u00bb#Bouton4&Prime; button_text=\u00a0\u00bbLe label du Minist\u00e8re de la Culture\u00a0\u00bb button_alignment=\u00a0\u00bbcenter\u00a0\u00bb admin_label=\u00a0\u00bbAfoulki et la Culture\u00a0\u00bb _builder_version=\u00a0\u00bb4.19.4&Prime; _module_preset=\u00a0\u00bbdefault\u00a0\u00bb custom_button=\u00a0\u00bbon\u00a0\u00bb button_text_color=\u00a0\u00bb#FFFFFF\u00a0\u00bb button_bg_color=\u00a0\u00bb#000000&Prime; button_border_width=\u00a0\u00bb0px\u00a0\u00bb button_icon_color=\u00a0\u00bb#FFFFFF\u00a0\u00bb background_layout=\u00a0\u00bbdark\u00a0\u00bb global_colors_info=\u00a0\u00bb{}\u00a0\u00bb][\/et_pb_button][\/et_pb_column][et_pb_column type=\u00a0\u00bb1_3&Prime; _builder_version=\u00a0\u00bb4.16&Prime; _module_preset=\u00a0\u00bbdefault\u00a0\u00bb global_colors_info=\u00a0\u00bb{}\u00a0\u00bb][et_pb_button button_url=\u00a0\u00bb#Bouton7&Prime; button_text=\u00a0\u00bbUne invitation pour Afoulki\u00a0\u00bb button_alignment=\u00a0\u00bbcenter\u00a0\u00bb admin_label=\u00a0\u00bbDes avocates humanistes \u00a0\u00bb _builder_version=\u00a0\u00bb4.19.4&Prime; _module_preset=\u00a0\u00bbdefault\u00a0\u00bb custom_button=\u00a0\u00bbon\u00a0\u00bb button_text_color=\u00a0\u00bb#FFFFFF\u00a0\u00bb button_bg_color=\u00a0\u00bb#4969a4&Prime; button_border_width=\u00a0\u00bb0px\u00a0\u00bb button_icon_color=\u00a0\u00bb#E09900&Prime; background_layout=\u00a0\u00bbdark\u00a0\u00bb global_colors_info=\u00a0\u00bb{}\u00a0\u00bb][\/et_pb_button][\/et_pb_column][\/et_pb_row][et_pb_row column_structure=\u00a0\u00bb1_3,1_3,1_3&Prime; _builder_version=\u00a0\u00bb4.16&Prime; _module_preset=\u00a0\u00bbdefault\u00a0\u00bb global_colors_info=\u00a0\u00bb{}\u00a0\u00bb][et_pb_column type=\u00a0\u00bb1_3&Prime; _builder_version=\u00a0\u00bb4.16&Prime; _module_preset=\u00a0\u00bbdefault\u00a0\u00bb global_colors_info=\u00a0\u00bb{}\u00a0\u00bb][et_pb_button button_url=\u00a0\u00bb#Bouton3&Prime; button_text=\u00a0\u00bbUne AG anniversaire\u00a0\u00bb button_alignment=\u00a0\u00bbcenter\u00a0\u00bb admin_label=\u00a0\u00bbFestival \u00e9dition 2 \u00a0\u00bb _builder_version=\u00a0\u00bb4.19.4&Prime; _module_preset=\u00a0\u00bbdefault\u00a0\u00bb custom_button=\u00a0\u00bbon\u00a0\u00bb button_text_color=\u00a0\u00bb#FFFFFF\u00a0\u00bb button_bg_color=\u00a0\u00bb#000000&Prime; button_border_width=\u00a0\u00bb0px\u00a0\u00bb button_icon_color=\u00a0\u00bb#FFFFFF\u00a0\u00bb transform_scale=\u00a0\u00bb122%|122%\u00a0\u00bb background_layout=\u00a0\u00bbdark\u00a0\u00bb animation_style=\u00a0\u00bbflip\u00a0\u00bb global_colors_info=\u00a0\u00bb{}\u00a0\u00bb][\/et_pb_button][\/et_pb_column][et_pb_column type=\u00a0\u00bb1_3&Prime; _builder_version=\u00a0\u00bb4.16&Prime; _module_preset=\u00a0\u00bbdefault\u00a0\u00bb global_colors_info=\u00a0\u00bb{}\u00a0\u00bb][et_pb_button button_url=\u00a0\u00bb#Bouton5&Prime; button_text=\u00a0\u00bbUne vraie AG\u00a0\u00bb button_alignment=\u00a0\u00bbcenter\u00a0\u00bb admin_label=\u00a0\u00bbNotre centre cambriol\u00e9 ! \u00a0\u00bb _builder_version=\u00a0\u00bb4.19.4&Prime; _module_preset=\u00a0\u00bbdefault\u00a0\u00bb custom_button=\u00a0\u00bbon\u00a0\u00bb button_text_color=\u00a0\u00bb#FFFFFF\u00a0\u00bb button_bg_color=\u00a0\u00bb#f2932b\u00a0\u00bb button_border_width=\u00a0\u00bb0px\u00a0\u00bb button_icon_color=\u00a0\u00bb#0C71C3&Prime; background_layout=\u00a0\u00bbdark\u00a0\u00bb global_colors_info=\u00a0\u00bb{}\u00a0\u00bb][\/et_pb_button][et_pb_button button_url=\u00a0\u00bb#Bouton2&Prime; button_text=\u00a0\u00bbLa sous-Pr\u00e9f\u00e8te a appr\u00e9ci\u00e9\u00a0\u00bb button_alignment=\u00a0\u00bbcenter\u00a0\u00bb admin_label=\u00a0\u00bbLe Jardin d\u2019Afoulki \u00a0\u00bb _builder_version=\u00a0\u00bb4.19.4&Prime; _module_preset=\u00a0\u00bbdefault\u00a0\u00bb custom_button=\u00a0\u00bbon\u00a0\u00bb button_text_color=\u00a0\u00bb#FFFFFF\u00a0\u00bb button_bg_color=\u00a0\u00bb#4969a4&Prime; button_border_width=\u00a0\u00bb0px\u00a0\u00bb button_icon_color=\u00a0\u00bb#E09900&Prime; transform_scale=\u00a0\u00bb109%|109%\u00a0\u00bb background_layout=\u00a0\u00bbdark\u00a0\u00bb animation_style=\u00a0\u00bbbounce\u00a0\u00bb global_colors_info=\u00a0\u00bb{}\u00a0\u00bb][\/et_pb_button][\/et_pb_column][et_pb_column type=\u00a0\u00bb1_3&Prime; _builder_version=\u00a0\u00bb4.16&Prime; _module_preset=\u00a0\u00bbdefault\u00a0\u00bb global_colors_info=\u00a0\u00bb{}\u00a0\u00bb][et_pb_button button_url=\u00a0\u00bb#Bouton8&Prime; button_text=\u00a0\u00bbSolidarit\u00e9 et Mixit\u00e9 Sociale\u00a0\u00bb button_alignment=\u00a0\u00bbcenter\u00a0\u00bb admin_label=\u00a0\u00bbUne Assembl\u00e9e G\u00e9n\u00e9rale relev\u00e9e \u00a0\u00bb _builder_version=\u00a0\u00bb4.19.4&Prime; _module_preset=\u00a0\u00bbdefault\u00a0\u00bb custom_button=\u00a0\u00bbon\u00a0\u00bb button_text_color=\u00a0\u00bb#FFFFFF\u00a0\u00bb button_bg_color=\u00a0\u00bb#000000&Prime; button_border_width=\u00a0\u00bb0px\u00a0\u00bb button_icon_color=\u00a0\u00bb#FFFFFF\u00a0\u00bb background_layout=\u00a0\u00bbdark\u00a0\u00bb global_colors_info=\u00a0\u00bb{}\u00a0\u00bb][\/et_pb_button][et_pb_button button_url=\u00a0\u00bb#Bouton9&Prime; button_text=\u00a0\u00bbS\u00e9jour St M\u00e9dard \u00a0\u00bb button_alignment=\u00a0\u00bbcenter\u00a0\u00bb admin_label=\u00a0\u00bbAfoulki sur Essaouira \u00a0\u00bb _builder_version=\u00a0\u00bb4.19.4&Prime; _module_preset=\u00a0\u00bbdefault\u00a0\u00bb custom_button=\u00a0\u00bbon\u00a0\u00bb button_text_color=\u00a0\u00bb#FFFFFF\u00a0\u00bb button_bg_color=\u00a0\u00bb#f2932b\u00a0\u00bb button_border_width=\u00a0\u00bb0px\u00a0\u00bb button_icon_color=\u00a0\u00bb#0C71C3&Prime; background_layout=\u00a0\u00bbdark\u00a0\u00bb global_colors_info=\u00a0\u00bb{}\u00a0\u00bb][\/et_pb_button][\/et_pb_column][\/et_pb_row][et_pb_row column_structure=\u00a0\u00bb1_3,1_3,1_3&Prime; _builder_version=\u00a0\u00bb4.16&Prime; _module_preset=\u00a0\u00bbdefault\u00a0\u00bb global_colors_info=\u00a0\u00bb{}\u00a0\u00bb][et_pb_column type=\u00a0\u00bb1_3&Prime; _builder_version=\u00a0\u00bb4.16&Prime; _module_preset=\u00a0\u00bbdefault\u00a0\u00bb global_colors_info=\u00a0\u00bb{}\u00a0\u00bb][et_pb_button button_url=\u00a0\u00bb#Bouton11&Prime; button_text=\u00a0\u00bbEcole autonome\u00a0\u00bb button_alignment=\u00a0\u00bbcenter\u00a0\u00bb admin_label=\u00a0\u00bbLes chantiers \u00e9coles \u00a0\u00bb _builder_version=\u00a0\u00bb4.19.4&Prime; _module_preset=\u00a0\u00bbdefault\u00a0\u00bb custom_button=\u00a0\u00bbon\u00a0\u00bb button_text_color=\u00a0\u00bb#FFFFFF\u00a0\u00bb button_bg_color=\u00a0\u00bb#4969a4&Prime; button_border_width=\u00a0\u00bb0px\u00a0\u00bb button_icon_color=\u00a0\u00bb#E09900&Prime; transform_scale=\u00a0\u00bb109%|109%\u00a0\u00bb background_layout=\u00a0\u00bbdark\u00a0\u00bb animation_style=\u00a0\u00bbbounce\u00a0\u00bb global_colors_info=\u00a0\u00bb{}\u00a0\u00bb][\/et_pb_button][\/et_pb_column][et_pb_column type=\u00a0\u00bb1_3&Prime; _builder_version=\u00a0\u00bb4.16&Prime; _module_preset=\u00a0\u00bbdefault\u00a0\u00bb global_colors_info=\u00a0\u00bb{}\u00a0\u00bb][et_pb_button button_url=\u00a0\u00bb#BoutonInstagram\u00a0\u00bb button_text=\u00a0\u00bb9 septembre\u00a0\u00bb button_alignment=\u00a0\u00bbcenter\u00a0\u00bb admin_label=\u00a0\u00bbInass va un peu mieux ! \u00a0\u00bb _builder_version=\u00a0\u00bb4.19.4&Prime; _module_preset=\u00a0\u00bbdefault\u00a0\u00bb custom_button=\u00a0\u00bbon\u00a0\u00bb button_text_color=\u00a0\u00bb#FFFFFF\u00a0\u00bb button_bg_color=\u00a0\u00bb#f2932b\u00a0\u00bb button_border_width=\u00a0\u00bb0px\u00a0\u00bb button_icon_color=\u00a0\u00bb#0C71C3&Prime; background_layout=\u00a0\u00bbdark\u00a0\u00bb global_colors_info=\u00a0\u00bb{}\u00a0\u00bb][\/et_pb_button][\/et_pb_column][et_pb_column type=\u00a0\u00bb1_3&Prime; _builder_version=\u00a0\u00bb4.16&Prime; _module_preset=\u00a0\u00bbdefault\u00a0\u00bb global_colors_info=\u00a0\u00bb{}\u00a0\u00bb][et_pb_button button_url=\u00a0\u00bb#Bouton10&Prime; button_text=\u00a0\u00bbLudovic\u00a0\u00bb button_alignment=\u00a0\u00bbcenter\u00a0\u00bb admin_label=\u00a0\u00bbFestival Afro-oriental\u00a0\u00bb _builder_version=\u00a0\u00bb4.19.4&Prime; _module_preset=\u00a0\u00bbdefault\u00a0\u00bb custom_button=\u00a0\u00bbon\u00a0\u00bb button_text_color=\u00a0\u00bb#FFFFFF\u00a0\u00bb button_bg_color=\u00a0\u00bb#4969a4&Prime; button_border_width=\u00a0\u00bb0px\u00a0\u00bb button_icon_color=\u00a0\u00bb#E09900&Prime; transform_scale=\u00a0\u00bb109%|109%\u00a0\u00bb background_layout=\u00a0\u00bbdark\u00a0\u00bb animation_style=\u00a0\u00bbbounce\u00a0\u00bb global_colors_info=\u00a0\u00bb{}\u00a0\u00bb][\/et_pb_button][\/et_pb_column][\/et_pb_row][et_pb_row column_structure=\u00a0\u00bb1_3,1_3,1_3&Prime; _builder_version=\u00a0\u00bb4.16&Prime; _module_preset=\u00a0\u00bbdefault\u00a0\u00bb global_colors_info=\u00a0\u00bb{}\u00a0\u00bb][et_pb_column type=\u00a0\u00bb1_3&Prime; _builder_version=\u00a0\u00bb4.16&Prime; _module_preset=\u00a0\u00bbdefault\u00a0\u00bb global_colors_info=\u00a0\u00bb{}\u00a0\u00bb][et_pb_button button_url=\u00a0\u00bb#Bouton20&Prime; button_text=\u00a0\u00bbRoses d\u2019Aquitaine\u00a0\u00bb button_alignment=\u00a0\u00bbcenter\u00a0\u00bb admin_label=\u00a0\u00bbSida marron\u00a0\u00bb _builder_version=\u00a0\u00bb4.19.4&Prime; _module_preset=\u00a0\u00bbdefault\u00a0\u00bb custom_button=\u00a0\u00bbon\u00a0\u00bb button_text_size=\u00a0\u00bb16px\u00a0\u00bb button_text_color=\u00a0\u00bb#FFFFFF\u00a0\u00bb button_bg_color=\u00a0\u00bb#f2932b\u00a0\u00bb button_border_width=\u00a0\u00bb0px\u00a0\u00bb button_icon_color=\u00a0\u00bb#0C71C3&Prime; transform_scale=\u00a0\u00bb147%|147%\u00a0\u00bb background_layout=\u00a0\u00bbdark\u00a0\u00bb animation_style=\u00a0\u00bbbounce\u00a0\u00bb global_colors_info=\u00a0\u00bb{}\u00a0\u00bb][\/et_pb_button][\/et_pb_column][et_pb_column type=\u00a0\u00bb1_3&Prime; _builder_version=\u00a0\u00bb4.16&Prime; _module_preset=\u00a0\u00bbdefault\u00a0\u00bb global_colors_info=\u00a0\u00bb{}\u00a0\u00bb][et_pb_button button_url=\u00a0\u00bb#Bouton21&Prime; button_text=\u00a0\u00bbFAE Parrainages\u00a0\u00bb button_alignment=\u00a0\u00bbcenter\u00a0\u00bb admin_label=\u00a0\u00bbAfoulki et la Culture\u00a0\u00bb _builder_version=\u00a0\u00bb4.19.4&Prime; _module_preset=\u00a0\u00bbdefault\u00a0\u00bb custom_button=\u00a0\u00bbon\u00a0\u00bb button_text_color=\u00a0\u00bb#FFFFFF\u00a0\u00bb button_bg_color=\u00a0\u00bb#000000&Prime; button_border_width=\u00a0\u00bb0px\u00a0\u00bb button_icon_color=\u00a0\u00bb#FFFFFF\u00a0\u00bb background_layout=\u00a0\u00bbdark\u00a0\u00bb global_colors_info=\u00a0\u00bb{}\u00a0\u00bb][\/et_pb_button][\/et_pb_column][et_pb_column type=\u00a0\u00bb1_3&Prime; _builder_version=\u00a0\u00bb4.16&Prime; _module_preset=\u00a0\u00bbdefault\u00a0\u00bb global_colors_info=\u00a0\u00bb{}\u00a0\u00bb][et_pb_button button_url=\u00a0\u00bb#Bouton22&Prime; button_text=\u00a0\u00bbCotisation 2023&Prime; button_alignment=\u00a0\u00bbcenter\u00a0\u00bb admin_label=\u00a0\u00bbDes avocates humanistes \u00a0\u00bb _builder_version=\u00a0\u00bb4.19.4&Prime; _module_preset=\u00a0\u00bbdefault\u00a0\u00bb custom_button=\u00a0\u00bbon\u00a0\u00bb button_text_color=\u00a0\u00bb#FFFFFF\u00a0\u00bb button_bg_color=\u00a0\u00bb#4969a4&Prime; button_border_width=\u00a0\u00bb0px\u00a0\u00bb button_icon_color=\u00a0\u00bb#E09900&Prime; background_layout=\u00a0\u00bbdark\u00a0\u00bb global_colors_info=\u00a0\u00bb{}\u00a0\u00bb][\/et_pb_button][\/et_pb_column][\/et_pb_row][\/et_pb_section][et_pb_section fb_built=\u00a0\u00bb1&Prime; admin_label=\u00a0\u00bbUne\u00a0\u00bb _builder_version=\u00a0\u00bb4.16&Prime; custom_padding=\u00a0\u00bb0|0px|54px|0px|false|false\u00a0\u00bb custom_width_px__hover=\u00a0\u00bb1080px\u00a0\u00bb custom_width_px__hover_enabled=\u00a0\u00bb1080px\u00a0\u00bb custom_width_percent__hover=\u00a0\u00bb80%\u00a0\u00bb custom_width_percent__hover_enabled=\u00a0\u00bb80%\u00a0\u00bb global_colors_info=\u00a0\u00bb{}\u00a0\u00bb gutter_width__hover=\u00a0\u00bb3&Prime; gutter_width__hover_enabled=\u00a0\u00bb3&Prime; parallax_1__hover=\u00a0\u00bboff\u00a0\u00bb parallax_1__hover_enabled=\u00a0\u00bboff\u00a0\u00bb parallax_2__hover=\u00a0\u00bboff\u00a0\u00bb parallax_2__hover_enabled=\u00a0\u00bboff\u00a0\u00bb parallax_3__hover=\u00a0\u00bboff\u00a0\u00bb parallax_3__hover_enabled=\u00a0\u00bboff\u00a0\u00bb parallax_method_1__hover=\u00a0\u00bbon\u00a0\u00bb parallax_method_1__hover_enabled=\u00a0\u00bbon\u00a0\u00bb parallax_method_2__hover=\u00a0\u00bbon\u00a0\u00bb parallax_method_2__hover_enabled=\u00a0\u00bbon\u00a0\u00bb parallax_method_3__hover=\u00a0\u00bbon\u00a0\u00bb parallax_method_3__hover_enabled=\u00a0\u00bbon\u00a0\u00bb use_background_color_gradient__hover=\u00a0\u00bboff\u00a0\u00bb use_background_color_gradient__hover_enabled=\u00a0\u00bboff\u00a0\u00bb background_color_gradient_start__hover=\u00a0\u00bb#2b87da\u00a0\u00bb background_color_gradient_start__hover_enabled=\u00a0\u00bb#2b87da\u00a0\u00bb background_color_gradient_end__hover=\u00a0\u00bb#29c4a9&Prime; background_color_gradient_end__hover_enabled=\u00a0\u00bb#29c4a9&Prime; background_color_gradient_type__hover=\u00a0\u00bblinear\u00a0\u00bb background_color_gradient_type__hover_enabled=\u00a0\u00bblinear\u00a0\u00bb background_color_gradient_direction__hover=\u00a0\u00bb180deg\u00a0\u00bb background_color_gradient_direction__hover_enabled=\u00a0\u00bb180deg\u00a0\u00bb background_color_gradient_direction_radial__hover=\u00a0\u00bbcenter\u00a0\u00bb background_color_gradient_direction_radial__hover_enabled=\u00a0\u00bbcenter\u00a0\u00bb background_color_gradient_start_position__hover=\u00a0\u00bb0%\u00a0\u00bb background_color_gradient_start_position__hover_enabled=\u00a0\u00bb0%\u00a0\u00bb background_color_gradient_end_position__hover=\u00a0\u00bb100%\u00a0\u00bb background_color_gradient_end_position__hover_enabled=\u00a0\u00bb100%\u00a0\u00bb background_color_gradient_overlays_image__hover=\u00a0\u00bboff\u00a0\u00bb background_color_gradient_overlays_image__hover_enabled=\u00a0\u00bboff\u00a0\u00bb parallax__hover=\u00a0\u00bboff\u00a0\u00bb parallax__hover_enabled=\u00a0\u00bboff\u00a0\u00bb parallax_method__hover=\u00a0\u00bbon\u00a0\u00bb parallax_method__hover_enabled=\u00a0\u00bbon\u00a0\u00bb background_size__hover=\u00a0\u00bbcover\u00a0\u00bb background_size__hover_enabled=\u00a0\u00bbcover\u00a0\u00bb background_position__hover=\u00a0\u00bbcenter\u00a0\u00bb background_position__hover_enabled=\u00a0\u00bbcenter\u00a0\u00bb background_repeat__hover=\u00a0\u00bbno-repeat\u00a0\u00bb background_repeat__hover_enabled=\u00a0\u00bbno-repeat\u00a0\u00bb background_blend__hover=\u00a0\u00bbnormal\u00a0\u00bb background_blend__hover_enabled=\u00a0\u00bbnormal\u00a0\u00bb allow_player_pause__hover=\u00a0\u00bboff\u00a0\u00bb allow_player_pause__hover_enabled=\u00a0\u00bboff\u00a0\u00bb background_video_pause_outside_viewport__hover=\u00a0\u00bbon\u00a0\u00bb background_video_pause_outside_viewport__hover_enabled=\u00a0\u00bbon\u00a0\u00bb inner_shadow__hover=\u00a0\u00bboff\u00a0\u00bb inner_shadow__hover_enabled=\u00a0\u00bboff\u00a0\u00bb make_fullwidth__hover=\u00a0\u00bboff\u00a0\u00bb make_fullwidth__hover_enabled=\u00a0\u00bboff\u00a0\u00bb use_custom_width__hover=\u00a0\u00bboff\u00a0\u00bb use_custom_width__hover_enabled=\u00a0\u00bboff\u00a0\u00bb width_unit__hover=\u00a0\u00bbon\u00a0\u00bb width_unit__hover_enabled=\u00a0\u00bbon\u00a0\u00bb make_equal__hover=\u00a0\u00bboff\u00a0\u00bb make_equal__hover_enabled=\u00a0\u00bboff\u00a0\u00bb use_custom_gutter__hover=\u00a0\u00bboff\u00a0\u00bb use_custom_gutter__hover_enabled=\u00a0\u00bboff\u00a0\u00bb border_radii__hover=\u00a0\u00bbon||||\u00a0\u00bb border_radii__hover_enabled=\u00a0\u00bbon||||\u00a0\u00bb box_shadow_style__hover=\u00a0\u00bbnone\u00a0\u00bb box_shadow_style__hover_enabled=\u00a0\u00bbnone\u00a0\u00bb box_shadow_color__hover=\u00a0\u00bbrgba(0,0,0,0.3)\u00a0\u00bb box_shadow_color__hover_enabled=\u00a0\u00bbrgba(0,0,0,0.3)\u00a0\u00bb max_width__hover=\u00a0\u00bb100%\u00a0\u00bb max_width__hover_enabled=\u00a0\u00bb100%\u00a0\u00bb filter_hue_rotate__hover=\u00a0\u00bb0deg\u00a0\u00bb filter_hue_rotate__hover_enabled=\u00a0\u00bb0deg\u00a0\u00bb filter_saturate__hover=\u00a0\u00bb100%\u00a0\u00bb filter_saturate__hover_enabled=\u00a0\u00bb100%\u00a0\u00bb filter_brightness__hover=\u00a0\u00bb100%\u00a0\u00bb filter_brightness__hover_enabled=\u00a0\u00bb100%\u00a0\u00bb filter_contrast__hover=\u00a0\u00bb100%\u00a0\u00bb filter_contrast__hover_enabled=\u00a0\u00bb100%\u00a0\u00bb filter_invert__hover=\u00a0\u00bb0%\u00a0\u00bb filter_invert__hover_enabled=\u00a0\u00bb0%\u00a0\u00bb filter_sepia__hover=\u00a0\u00bb0%\u00a0\u00bb filter_sepia__hover_enabled=\u00a0\u00bb0%\u00a0\u00bb filter_opacity__hover=\u00a0\u00bb100%\u00a0\u00bb filter_opacity__hover_enabled=\u00a0\u00bb100%\u00a0\u00bb filter_blur__hover=\u00a0\u00bb0px\u00a0\u00bb filter_blur__hover_enabled=\u00a0\u00bb0px\u00a0\u00bb mix_blend_mode__hover=\u00a0\u00bbnormal\u00a0\u00bb mix_blend_mode__hover_enabled=\u00a0\u00bbnormal\u00a0\u00bb animation_style__hover=\u00a0\u00bbnone\u00a0\u00bb animation_style__hover_enabled=\u00a0\u00bbnone\u00a0\u00bb animation_repeat__hover=\u00a0\u00bbonce\u00a0\u00bb animation_repeat__hover_enabled=\u00a0\u00bbonce\u00a0\u00bb animation_direction__hover=\u00a0\u00bbcenter\u00a0\u00bb animation_direction__hover_enabled=\u00a0\u00bbcenter\u00a0\u00bb animation_duration__hover=\u00a0\u00bb1000ms\u00a0\u00bb animation_duration__hover_enabled=\u00a0\u00bb1000ms\u00a0\u00bb animation_delay__hover=\u00a0\u00bb0ms\u00a0\u00bb animation_delay__hover_enabled=\u00a0\u00bb0ms\u00a0\u00bb animation_intensity_slide__hover=\u00a0\u00bb50%\u00a0\u00bb animation_intensity_slide__hover_enabled=\u00a0\u00bb50%\u00a0\u00bb animation_intensity_zoom__hover=\u00a0\u00bb50%\u00a0\u00bb animation_intensity_zoom__hover_enabled=\u00a0\u00bb50%\u00a0\u00bb animation_intensity_flip__hover=\u00a0\u00bb50%\u00a0\u00bb animation_intensity_flip__hover_enabled=\u00a0\u00bb50%\u00a0\u00bb animation_intensity_fold__hover=\u00a0\u00bb50%\u00a0\u00bb animation_intensity_fold__hover_enabled=\u00a0\u00bb50%\u00a0\u00bb animation_intensity_roll__hover=\u00a0\u00bb50%\u00a0\u00bb animation_intensity_roll__hover_enabled=\u00a0\u00bb50%\u00a0\u00bb animation_starting_opacity__hover=\u00a0\u00bb0%\u00a0\u00bb animation_starting_opacity__hover_enabled=\u00a0\u00bb0%\u00a0\u00bb animation_speed_curve__hover=\u00a0\u00bbease-in-out\u00a0\u00bb animation_speed_curve__hover_enabled=\u00a0\u00bbease-in-out\u00a0\u00bb hover_transition_duration__hover=\u00a0\u00bb300ms\u00a0\u00bb hover_transition_duration__hover_enabled=\u00a0\u00bb300ms\u00a0\u00bb hover_transition_delay__hover=\u00a0\u00bb0ms\u00a0\u00bb hover_transition_delay__hover_enabled=\u00a0\u00bb0ms\u00a0\u00bb hover_transition_speed_curve__hover=\u00a0\u00bbease\u00a0\u00bb hover_transition_speed_curve__hover_enabled=\u00a0\u00bbease\u00a0\u00bb background_color_gradient_stops__hover=\u00a0\u00bb#2b87da 0%|#29c4a9 100%\u00a0\u00bb][et_pb_row column_structure=\u00a0\u00bb1_4,1_2,1_4&Prime; admin_label=\u00a0\u00bbS\u00e9parateur\u00a0\u00bb _builder_version=\u00a0\u00bb4.16&Prime; _module_preset=\u00a0\u00bbdefault\u00a0\u00bb global_colors_info=\u00a0\u00bb{}\u00a0\u00bb][et_pb_column type=\u00a0\u00bb1_4&Prime; _builder_version=\u00a0\u00bb4.16&Prime; _module_preset=\u00a0\u00bbdefault\u00a0\u00bb global_colors_info=\u00a0\u00bb{}\u00a0\u00bb][\/et_pb_column][et_pb_column type=\u00a0\u00bb1_2&Prime; _builder_version=\u00a0\u00bb4.16&Prime; _module_preset=\u00a0\u00bbdefault\u00a0\u00bb global_colors_info=\u00a0\u00bb{}\u00a0\u00bb][et_pb_divider color=\u00a0\u00bb#000000&Prime; _builder_version=\u00a0\u00bb4.16&Prime; _module_preset=\u00a0\u00bbdefault\u00a0\u00bb global_colors_info=\u00a0\u00bb{}\u00a0\u00bb][\/et_pb_divider][\/et_pb_column][et_pb_column type=\u00a0\u00bb1_4&Prime; _builder_version=\u00a0\u00bb4.16&Prime; _module_preset=\u00a0\u00bbdefault\u00a0\u00bb global_colors_info=\u00a0\u00bb{}\u00a0\u00bb][\/et_pb_column][\/et_pb_row][et_pb_row column_structure=\u00a0\u00bb3_5,2_5&Prime; admin_label=\u00a0\u00bbLigne 2&Prime; module_id=\u00a0\u00bbBoutonInstagram\u00a0\u00bb _builder_version=\u00a0\u00bb4.16&Prime; _module_preset=\u00a0\u00bbdefault\u00a0\u00bb global_colors_info=\u00a0\u00bb{}\u00a0\u00bb][et_pb_column type=\u00a0\u00bb3_5&Prime; _builder_version=\u00a0\u00bb4.16&Prime; _module_preset=\u00a0\u00bbdefault\u00a0\u00bb global_colors_info=\u00a0\u00bb{}\u00a0\u00bb][et_pb_text admin_label=\u00a0\u00bbInass va un peu mieux ! \u00a0\u00bb _builder_version=\u00a0\u00bb4.19.4&Prime; _module_preset=\u00a0\u00bbdefault\u00a0\u00bb background_image=\u00a0\u00bbhttps:\/\/afoulki-new.org\/wp-content\/uploads\/2021\/07\/Trame-Bleue.png\u00a0\u00bb inline_fonts=\u00a0\u00bbAcme\u00a0\u00bb global_colors_info=\u00a0\u00bb{}\u00a0\u00bb]<\/p>\n<h1><span style=\"font-family: Acme; font-weight: normal; color: #e09900;\">9 septembre<\/span><\/h1>\n<p>[\/et_pb_text][et_pb_text _builder_version=\u00a0\u00bb4.19.4&Prime; _module_preset=\u00a0\u00bbdefault\u00a0\u00bb inline_fonts=\u00a0\u00bbAcme,Boogaloo\u00a0\u00bb global_colors_info=\u00a0\u00bb{}\u00a0\u00bb]<\/p>\n<p><span style=\"font-family: Boogaloo; font-weight: normal; font-size: x-large;\">C\u2019est le 8 et le 9 septembre \u00e0 venir que, avec tous les amis d\u2019Afoulki pr\u00e9sents pour ce qui demeure la \u00ab 12\u00e8me mission peinture \u00bb, nous allons f\u00eater nos 20 ans au Maroc : conf\u00e9rence sur l\u2019histoire d\u2019Afoulki le vendredi soir \u00e0 l\u2019Institut Fran\u00e7ais d\u2019Essaouira, r\u00e9ception festive des 110 filleules en activit\u00e9s et quelques-unes des \u00ab professionnalis\u00e9es \u00bb, \u00e0 la Dar Souiri. Sans doute encore un grand moment pour une nouvelle belle page !<br \/>\n<br \/><\/span><\/p>\n<p>[\/et_pb_text][\/et_pb_column][et_pb_column type=\u00a0\u00bb2_5&Prime; _builder_version=\u00a0\u00bb4.16&Prime; _module_preset=\u00a0\u00bbdefault\u00a0\u00bb global_colors_info=\u00a0\u00bb{}\u00a0\u00bb][et_pb_image src=\u00a0\u00bbhttps:\/\/afoulki-new.org\/wp-content\/uploads\/2023\/06\/dar-souiri.jpg\u00a0\u00bb title_text=\u00a0\u00bbdar-souiri\u00a0\u00bb _builder_version=\u00a0\u00bb4.19.4&Prime; _module_preset=\u00a0\u00bbdefault\u00a0\u00bb global_colors_info=\u00a0\u00bb{}\u00a0\u00bb][\/et_pb_image][\/et_pb_column][\/et_pb_row][et_pb_row column_structure=\u00a0\u00bb1_4,1_2,1_4&Prime; admin_label=\u00a0\u00bbS\u00e9parateur\u00a0\u00bb _builder_version=\u00a0\u00bb4.16&Prime; _module_preset=\u00a0\u00bbdefault\u00a0\u00bb global_colors_info=\u00a0\u00bb{}\u00a0\u00bb][et_pb_column type=\u00a0\u00bb1_4&Prime; _builder_version=\u00a0\u00bb4.16&Prime; _module_preset=\u00a0\u00bbdefault\u00a0\u00bb global_colors_info=\u00a0\u00bb{}\u00a0\u00bb][\/et_pb_column][et_pb_column type=\u00a0\u00bb1_2&Prime; _builder_version=\u00a0\u00bb4.16&Prime; _module_preset=\u00a0\u00bbdefault\u00a0\u00bb global_colors_info=\u00a0\u00bb{}\u00a0\u00bb][et_pb_divider color=\u00a0\u00bb#000000&Prime; _builder_version=\u00a0\u00bb4.16&Prime; _module_preset=\u00a0\u00bbdefault\u00a0\u00bb global_colors_info=\u00a0\u00bb{}\u00a0\u00bb][\/et_pb_divider][\/et_pb_column][et_pb_column type=\u00a0\u00bb1_4&Prime; _builder_version=\u00a0\u00bb4.16&Prime; _module_preset=\u00a0\u00bbdefault\u00a0\u00bb global_colors_info=\u00a0\u00bb{}\u00a0\u00bb][\/et_pb_column][\/et_pb_row][et_pb_row column_structure=\u00a0\u00bb2_5,3_5&Prime; admin_label=\u00a0\u00bbLigne 2&Prime; module_id=\u00a0\u00bbBouton1&Prime; _builder_version=\u00a0\u00bb4.16&Prime; _module_preset=\u00a0\u00bbdefault\u00a0\u00bb global_colors_info=\u00a0\u00bb{}\u00a0\u00bb][et_pb_column type=\u00a0\u00bb2_5&Prime; _builder_version=\u00a0\u00bb4.16&Prime; _module_preset=\u00a0\u00bbdefault\u00a0\u00bb global_colors_info=\u00a0\u00bb{}\u00a0\u00bb][et_pb_image src=\u00a0\u00bbhttps:\/\/afoulki-new.org\/wp-content\/uploads\/2023\/06\/VENISSAGE.jpg\u00a0\u00bb title_text=\u00a0\u00bbVENISSAGE\u00a0\u00bb url=\u00a0\u00bb#hautsommaire\u00a0\u00bb _builder_version=\u00a0\u00bb4.19.4&Prime; _module_preset=\u00a0\u00bbdefault\u00a0\u00bb global_colors_info=\u00a0\u00bb{}\u00a0\u00bb][\/et_pb_image][\/et_pb_column][et_pb_column type=\u00a0\u00bb3_5&Prime; _builder_version=\u00a0\u00bb4.16&Prime; _module_preset=\u00a0\u00bbdefault\u00a0\u00bb global_colors_info=\u00a0\u00bb{}\u00a0\u00bb][et_pb_text _builder_version=\u00a0\u00bb4.19.4&Prime; _module_preset=\u00a0\u00bbdefault\u00a0\u00bb background_image=\u00a0\u00bbhttps:\/\/afoulki-new.org\/wp-content\/uploads\/2021\/07\/Trame-Orange.png\u00a0\u00bb inline_fonts=\u00a0\u00bbAcme\u00a0\u00bb global_colors_info=\u00a0\u00bb{}\u00a0\u00bb]<\/p>\n<p style=\"font-weight: 400;\"><strong><em>\u00ab\u00a0Pr\u00e9cieuses racines\u00a0\u00bb<\/em><\/strong><\/p>\n<p>[\/et_pb_text][et_pb_text _builder_version=\u00a0\u00bb4.19.4&Prime; _module_preset=\u00a0\u00bbdefault\u00a0\u00bb inline_fonts=\u00a0\u00bbAcme,Boogaloo\u00a0\u00bb global_colors_info=\u00a0\u00bb{}\u00a0\u00bb]<span style=\"font-family: Boogaloo; font-weight: normal; font-size: x-large;\">Lors du vernissage de l\u2019opus de Philippe Castex, \u00e9dit\u00e9 par Afoulki avec le soutien financier des 4 Communaut\u00e9s de Communes de Haute-Gironde et des villes de Blaye et Bourg, chacun s\u2019est accord\u00e9 pour dire que l\u2019ouvrage est exceptionnel. L\u2019exposition sera itin\u00e9rante sur le territoire. A venir, tout le mois d\u2019ao\u00fbt \u00e0 l\u2019Espace Croix Davids \u00e0 Bourg, puis septembre \u00e0 l\u2019Office de Tourisme \u00e0 Saint-Savin, puis ce sera le CFM de Reignac et la CDC du Grand Cubzaguais. <\/span>[\/et_pb_text][\/et_pb_column][\/et_pb_row][et_pb_row column_structure=\u00a0\u00bb1_4,1_2,1_4&Prime; admin_label=\u00a0\u00bbS\u00e9parateur\u00a0\u00bb _builder_version=\u00a0\u00bb4.16&Prime; _module_preset=\u00a0\u00bbdefault\u00a0\u00bb global_colors_info=\u00a0\u00bb{}\u00a0\u00bb][et_pb_column type=\u00a0\u00bb1_4&Prime; _builder_version=\u00a0\u00bb4.16&Prime; _module_preset=\u00a0\u00bbdefault\u00a0\u00bb global_colors_info=\u00a0\u00bb{}\u00a0\u00bb][\/et_pb_column][et_pb_column type=\u00a0\u00bb1_2&Prime; _builder_version=\u00a0\u00bb4.16&Prime; _module_preset=\u00a0\u00bbdefault\u00a0\u00bb global_colors_info=\u00a0\u00bb{}\u00a0\u00bb][et_pb_divider color=\u00a0\u00bb#000000&Prime; _builder_version=\u00a0\u00bb4.16&Prime; _module_preset=\u00a0\u00bbdefault\u00a0\u00bb global_colors_info=\u00a0\u00bb{}\u00a0\u00bb][\/et_pb_divider][\/et_pb_column][et_pb_column type=\u00a0\u00bb1_4&Prime; _builder_version=\u00a0\u00bb4.16&Prime; _module_preset=\u00a0\u00bbdefault\u00a0\u00bb global_colors_info=\u00a0\u00bb{}\u00a0\u00bb][\/et_pb_column][\/et_pb_row][et_pb_row column_structure=\u00a0\u00bb1_2,1_2&Prime; admin_label=\u00a0\u00bbLigne 2&Prime; module_id=\u00a0\u00bbBouton4&Prime; _builder_version=\u00a0\u00bb4.16&Prime; _module_preset=\u00a0\u00bbdefault\u00a0\u00bb global_colors_info=\u00a0\u00bb{}\u00a0\u00bb][et_pb_column type=\u00a0\u00bb1_2&Prime; _builder_version=\u00a0\u00bb4.16&Prime; _module_preset=\u00a0\u00bbdefault\u00a0\u00bb global_colors_info=\u00a0\u00bb{}\u00a0\u00bb][et_pb_text _builder_version=\u00a0\u00bb4.19.4&Prime; _module_preset=\u00a0\u00bbdefault\u00a0\u00bb background_image=\u00a0\u00bbhttps:\/\/afoulki-new.org\/wp-content\/uploads\/2021\/07\/Trame-Bleue.png\u00a0\u00bb inline_fonts=\u00a0\u00bbAcme,Boogaloo\u00a0\u00bb global_colors_info=\u00a0\u00bb{}\u00a0\u00bb]<\/p>\n<h1><span style=\"color: #e09900; font-family: Boogaloo;\"><span style=\"caret-color: #e09900;\">Le label du Minist\u00e8re de la Culture<\/span><\/span><\/h1>\n<p>[\/et_pb_text][et_pb_text _builder_version=\u00a0\u00bb4.19.4&Prime; _module_preset=\u00a0\u00bbdefault\u00a0\u00bb inline_fonts=\u00a0\u00bbAcme,Boogaloo\u00a0\u00bb global_colors_info=\u00a0\u00bb{}\u00a0\u00bb]<\/p>\n<p>&nbsp;<\/p>\n<p>\u00a0\u00a0<span style=\"font-family: Boogaloo; font-weight: normal; font-size: x-large;\">\u00ab Pr\u00e9cieuses Racines \u00bb vient juste d\u2019\u00eatre labellis\u00e9 par le Minist\u00e8re de la Culture \u00ab Et\u00e9 Culturel \u00bb. Une r\u00e9compense mat\u00e9rialis\u00e9e par un ch\u00e8que de 1000\u20ac et l\u2019autorisation du logo officiel, ce dont on ne se prive pas !  <\/span><\/p>\n<p>[\/et_pb_text][\/et_pb_column][et_pb_column type=\u00a0\u00bb1_2&Prime; _builder_version=\u00a0\u00bb4.16&Prime; _module_preset=\u00a0\u00bbdefault\u00a0\u00bb global_colors_info=\u00a0\u00bb{}\u00a0\u00bb][et_pb_image src=\u00a0\u00bbhttps:\/\/afoulki-new.org\/wp-content\/uploads\/2023\/06\/Logo-Ete-Culturel.png\u00a0\u00bb title_text=\u00a0\u00bbLogo Et\u00e9 Culturel\u00a0\u00bb _builder_version=\u00a0\u00bb4.19.4&Prime; _module_preset=\u00a0\u00bbdefault\u00a0\u00bb global_colors_info=\u00a0\u00bb{}\u00a0\u00bb][\/et_pb_image][\/et_pb_column][\/et_pb_row][et_pb_row column_structure=\u00a0\u00bb1_4,1_2,1_4&Prime; admin_label=\u00a0\u00bbS\u00e9parateur\u00a0\u00bb _builder_version=\u00a0\u00bb4.16&Prime; _module_preset=\u00a0\u00bbdefault\u00a0\u00bb global_colors_info=\u00a0\u00bb{}\u00a0\u00bb][et_pb_column type=\u00a0\u00bb1_4&Prime; _builder_version=\u00a0\u00bb4.16&Prime; _module_preset=\u00a0\u00bbdefault\u00a0\u00bb global_colors_info=\u00a0\u00bb{}\u00a0\u00bb][\/et_pb_column][et_pb_column type=\u00a0\u00bb1_2&Prime; _builder_version=\u00a0\u00bb4.16&Prime; _module_preset=\u00a0\u00bbdefault\u00a0\u00bb global_colors_info=\u00a0\u00bb{}\u00a0\u00bb][et_pb_divider color=\u00a0\u00bb#000000&Prime; _builder_version=\u00a0\u00bb4.16&Prime; _module_preset=\u00a0\u00bbdefault\u00a0\u00bb global_colors_info=\u00a0\u00bb{}\u00a0\u00bb][\/et_pb_divider][\/et_pb_column][et_pb_column type=\u00a0\u00bb1_4&Prime; _builder_version=\u00a0\u00bb4.16&Prime; _module_preset=\u00a0\u00bbdefault\u00a0\u00bb global_colors_info=\u00a0\u00bb{}\u00a0\u00bb][\/et_pb_column][\/et_pb_row][et_pb_row admin_label=\u00a0\u00bbLigne 3&Prime; module_id=\u00a0\u00bbBouton3&Prime; _builder_version=\u00a0\u00bb4.16&Prime; _module_preset=\u00a0\u00bbdefault\u00a0\u00bb background_enable_image=\u00a0\u00bboff\u00a0\u00bb global_colors_info=\u00a0\u00bb{}\u00a0\u00bb][et_pb_column type=\u00a0\u00bb4_4&Prime; _builder_version=\u00a0\u00bb4.16&Prime; _module_preset=\u00a0\u00bbdefault\u00a0\u00bb global_colors_info=\u00a0\u00bb{}\u00a0\u00bb][et_pb_text _builder_version=\u00a0\u00bb4.19.4&Prime; _module_preset=\u00a0\u00bbdefault\u00a0\u00bb background_image=\u00a0\u00bbhttps:\/\/afoulki-new.org\/wp-content\/uploads\/2021\/07\/Trame-Orange.png\u00a0\u00bb min_height=\u00a0\u00bb36px\u00a0\u00bb inline_fonts=\u00a0\u00bbAcme\u00a0\u00bb global_colors_info=\u00a0\u00bb{}\u00a0\u00bb]<\/p>\n<h1><span style=\"font-family: Acme; font-weight: normal; color: #ffffff;\">Une AG anniversaire<\/span><\/h1>\n<p>[\/et_pb_text][et_pb_text _builder_version=\u00a0\u00bb4.19.4&Prime; _module_preset=\u00a0\u00bbdefault\u00a0\u00bb global_colors_info=\u00a0\u00bb{}\u00a0\u00bb]<\/p>\n<p><span style=\"font-family: Boogaloo; font-weight: normal; font-size: x-large;\">Lors de l\u2019Assembl\u00e9e G\u00e9n\u00e9rale d\u2019Afoulki le 28 mai dernier, une vid\u00e9o r\u00e9trospective sur 20 ans d\u2019activit\u00e9s diverses a \u00e9t\u00e9 projet\u00e9e. Si vous avez \u00bc d\u2019heure devant vous, cliquez sur le lien <a href=\"https:\/\/youtu.be\/y1R7zkAl1Bs\" target=\"_blank\" rel=\"noopener\">https:\/\/youtu.be\/y1R7zkAl1Bs<\/a><br \/><\/span><\/p>\n<p>[\/et_pb_text][\/et_pb_column][\/et_pb_row][et_pb_row _builder_version=\u00a0\u00bb4.16&Prime; _module_preset=\u00a0\u00bbdefault\u00a0\u00bb global_colors_info=\u00a0\u00bb{}\u00a0\u00bb][et_pb_column type=\u00a0\u00bb4_4&Prime; _builder_version=\u00a0\u00bb4.16&Prime; _module_preset=\u00a0\u00bbdefault\u00a0\u00bb global_colors_info=\u00a0\u00bb{}\u00a0\u00bb][et_pb_image src=\u00a0\u00bbhttps:\/\/afoulki-new.org\/wp-content\/uploads\/2023\/06\/AG.jpg\u00a0\u00bb title_text=\u00a0\u00bbAG\u00a0\u00bb _builder_version=\u00a0\u00bb4.19.4&Prime; _module_preset=\u00a0\u00bbdefault\u00a0\u00bb global_colors_info=\u00a0\u00bb{}\u00a0\u00bb][\/et_pb_image][\/et_pb_column][\/et_pb_row][et_pb_row column_structure=\u00a0\u00bb1_4,1_2,1_4&Prime; admin_label=\u00a0\u00bbS\u00e9parateur\u00a0\u00bb _builder_version=\u00a0\u00bb4.16&Prime; _module_preset=\u00a0\u00bbdefault\u00a0\u00bb global_colors_info=\u00a0\u00bb{}\u00a0\u00bb][et_pb_column type=\u00a0\u00bb1_4&Prime; _builder_version=\u00a0\u00bb4.16&Prime; _module_preset=\u00a0\u00bbdefault\u00a0\u00bb global_colors_info=\u00a0\u00bb{}\u00a0\u00bb][\/et_pb_column][et_pb_column type=\u00a0\u00bb1_2&Prime; _builder_version=\u00a0\u00bb4.16&Prime; _module_preset=\u00a0\u00bbdefault\u00a0\u00bb global_colors_info=\u00a0\u00bb{}\u00a0\u00bb][et_pb_divider color=\u00a0\u00bb#000000&Prime; _builder_version=\u00a0\u00bb4.16&Prime; _module_preset=\u00a0\u00bbdefault\u00a0\u00bb global_colors_info=\u00a0\u00bb{}\u00a0\u00bb][\/et_pb_divider][\/et_pb_column][et_pb_column type=\u00a0\u00bb1_4&Prime; _builder_version=\u00a0\u00bb4.16&Prime; _module_preset=\u00a0\u00bbdefault\u00a0\u00bb global_colors_info=\u00a0\u00bb{}\u00a0\u00bb][\/et_pb_column][\/et_pb_row][et_pb_row admin_label=\u00a0\u00bbProjet pour le territoire\u00a0\u00bb module_id=\u00a0\u00bbBouton7&Prime; _builder_version=\u00a0\u00bb4.16&Prime; _module_preset=\u00a0\u00bbdefault\u00a0\u00bb global_colors_info=\u00a0\u00bb{}\u00a0\u00bb][et_pb_column type=\u00a0\u00bb4_4&Prime; _builder_version=\u00a0\u00bb4.16&Prime; _module_preset=\u00a0\u00bbdefault\u00a0\u00bb global_colors_info=\u00a0\u00bb{}\u00a0\u00bb][et_pb_text admin_label=\u00a0\u00bbDes avocates humanistes \u00a0\u00bb _builder_version=\u00a0\u00bb4.19.4&Prime; _module_preset=\u00a0\u00bbdefault\u00a0\u00bb background_image=\u00a0\u00bbhttps:\/\/afoulki-new.org\/wp-content\/uploads\/2021\/07\/Trame-Orange.png\u00a0\u00bb inline_fonts=\u00a0\u00bbBoogaloo\u00a0\u00bb global_colors_info=\u00a0\u00bb{}\u00a0\u00bb]<\/p>\n<h1><span style=\"font-family: Boogaloo; font-weight: normal; font-size: xx-large;\">Une invitation pour Afoulki<\/span><\/h1>\n<p>&nbsp;[\/et_pb_text][et_pb_image src=\u00a0\u00bbhttps:\/\/afoulki-new.org\/wp-content\/uploads\/2023\/06\/7199E961-BC40-400C-946F-B906C275C374.png\u00a0\u00bb title_text=\u00a0\u00bb7199E961-BC40-400C-946F-B906C275C374&Prime; _builder_version=\u00a0\u00bb4.19.4&Prime; _module_preset=\u00a0\u00bbdefault\u00a0\u00bb global_colors_info=\u00a0\u00bb{}\u00a0\u00bb][\/et_pb_image][\/et_pb_column][\/et_pb_row][et_pb_row column_structure=\u00a0\u00bb1_4,1_2,1_4&Prime; admin_label=\u00a0\u00bbS\u00e9parateur\u00a0\u00bb _builder_version=\u00a0\u00bb4.16&Prime; _module_preset=\u00a0\u00bbdefault\u00a0\u00bb global_colors_info=\u00a0\u00bb{}\u00a0\u00bb][et_pb_column type=\u00a0\u00bb1_4&Prime; _builder_version=\u00a0\u00bb4.16&Prime; _module_preset=\u00a0\u00bbdefault\u00a0\u00bb global_colors_info=\u00a0\u00bb{}\u00a0\u00bb][\/et_pb_column][et_pb_column type=\u00a0\u00bb1_2&Prime; _builder_version=\u00a0\u00bb4.16&Prime; _module_preset=\u00a0\u00bbdefault\u00a0\u00bb global_colors_info=\u00a0\u00bb{}\u00a0\u00bb][et_pb_divider color=\u00a0\u00bb#000000&Prime; _builder_version=\u00a0\u00bb4.16&Prime; _module_preset=\u00a0\u00bbdefault\u00a0\u00bb global_colors_info=\u00a0\u00bb{}\u00a0\u00bb][\/et_pb_divider][\/et_pb_column][et_pb_column type=\u00a0\u00bb1_4&Prime; _builder_version=\u00a0\u00bb4.16&Prime; _module_preset=\u00a0\u00bbdefault\u00a0\u00bb global_colors_info=\u00a0\u00bb{}\u00a0\u00bb][\/et_pb_column][\/et_pb_row][et_pb_row column_structure=\u00a0\u00bb3_5,2_5&Prime; admin_label=\u00a0\u00bbLigne 2&Prime; module_id=\u00a0\u00bbBouton10&Prime; _builder_version=\u00a0\u00bb4.16&Prime; _module_preset=\u00a0\u00bbdefault\u00a0\u00bb global_colors_info=\u00a0\u00bb{}\u00a0\u00bb][et_pb_column type=\u00a0\u00bb3_5&Prime; _builder_version=\u00a0\u00bb4.16&Prime; _module_preset=\u00a0\u00bbdefault\u00a0\u00bb global_colors_info=\u00a0\u00bb{}\u00a0\u00bb][et_pb_text _builder_version=\u00a0\u00bb4.19.4&Prime; _module_preset=\u00a0\u00bbdefault\u00a0\u00bb background_image=\u00a0\u00bbhttps:\/\/afoulki-new.org\/wp-content\/uploads\/2021\/07\/Trame-Bleue.png\u00a0\u00bb inline_fonts=\u00a0\u00bbAcme,Boogaloo\u00a0\u00bb global_colors_info=\u00a0\u00bb{}\u00a0\u00bb]<\/p>\n<h1><span style=\"color: #e09900; font-family: Boogaloo;\"><span style=\"caret-color: #e09900;\">Ludovic<\/span><\/span><\/h1>\n<p>[\/et_pb_text][et_pb_text _builder_version=\u00a0\u00bb4.19.4&Prime; _module_preset=\u00a0\u00bbdefault\u00a0\u00bb inline_fonts=\u00a0\u00bbAcme,Boogaloo\u00a0\u00bb global_colors_info=\u00a0\u00bb{}\u00a0\u00bb]<\/p>\n<p><span style=\"font-family: Boogaloo; font-weight: normal; font-size: x-large;\">Alors que Mitia est \u00ab en poste \u00bb depuis le mois de mars, Ludovic n\u2019a commenc\u00e9 son service civique que d\u00e9but juin. Il restera donc jusqu\u2019\u00e0 d\u00e9but d\u00e9cembre pour, avec son nouveau coll\u00e8gue et des b\u00e9n\u00e9voles, accueillir touristes et locaux \u00e0 la boutique et participer aux manifestations culturelles. Bienvenu, Ludo ! <\/span><\/p>\n<p>[\/et_pb_text][\/et_pb_column][et_pb_column type=\u00a0\u00bb2_5&Prime; _builder_version=\u00a0\u00bb4.16&Prime; _module_preset=\u00a0\u00bbdefault\u00a0\u00bb global_colors_info=\u00a0\u00bb{}\u00a0\u00bb][et_pb_image src=\u00a0\u00bbhttps:\/\/afoulki-new.org\/wp-content\/uploads\/2023\/06\/LUDO.jpg\u00a0\u00bb title_text=\u00a0\u00bbLUDO\u00a0\u00bb url=\u00a0\u00bbhttps:\/\/www.service-civique.gouv.fr\/missions\/?criteria%5Btaxons%5D%5B0%5D=9&#038;criteria%5Bquery%5D=blaye&#038;criteria%5Bduration%5D=12&#038;criteria%5Borganization%5D=AFOULKI#search-options\u00a0\u00bb url_new_window=\u00a0\u00bbon\u00a0\u00bb _builder_version=\u00a0\u00bb4.19.4&Prime; _module_preset=\u00a0\u00bbdefault\u00a0\u00bb global_colors_info=\u00a0\u00bb{}\u00a0\u00bb][\/et_pb_image][\/et_pb_column][\/et_pb_row][et_pb_row column_structure=\u00a0\u00bb1_4,1_2,1_4&Prime; admin_label=\u00a0\u00bbS\u00e9parateur\u00a0\u00bb _builder_version=\u00a0\u00bb4.16&Prime; _module_preset=\u00a0\u00bbdefault\u00a0\u00bb global_colors_info=\u00a0\u00bb{}\u00a0\u00bb][et_pb_column type=\u00a0\u00bb1_4&Prime; _builder_version=\u00a0\u00bb4.16&Prime; _module_preset=\u00a0\u00bbdefault\u00a0\u00bb global_colors_info=\u00a0\u00bb{}\u00a0\u00bb][\/et_pb_column][et_pb_column type=\u00a0\u00bb1_2&Prime; _builder_version=\u00a0\u00bb4.16&Prime; _module_preset=\u00a0\u00bbdefault\u00a0\u00bb global_colors_info=\u00a0\u00bb{}\u00a0\u00bb][et_pb_divider color=\u00a0\u00bb#000000&Prime; _builder_version=\u00a0\u00bb4.16&Prime; _module_preset=\u00a0\u00bbdefault\u00a0\u00bb global_colors_info=\u00a0\u00bb{}\u00a0\u00bb][\/et_pb_divider][\/et_pb_column][et_pb_column type=\u00a0\u00bb1_4&Prime; _builder_version=\u00a0\u00bb4.16&Prime; _module_preset=\u00a0\u00bbdefault\u00a0\u00bb global_colors_info=\u00a0\u00bb{}\u00a0\u00bb][\/et_pb_column][\/et_pb_row][et_pb_row admin_label=\u00a0\u00bbLigne 5&Prime; module_id=\u00a0\u00bbBouton5&Prime; _builder_version=\u00a0\u00bb4.16&Prime; _module_preset=\u00a0\u00bbdefault\u00a0\u00bb global_colors_info=\u00a0\u00bb{}\u00a0\u00bb][et_pb_column type=\u00a0\u00bb4_4&Prime; _builder_version=\u00a0\u00bb4.16&Prime; _module_preset=\u00a0\u00bbdefault\u00a0\u00bb global_colors_info=\u00a0\u00bb{}\u00a0\u00bb][et_pb_text admin_label=\u00a0\u00bbNotre centre cambriol\u00e9 ! \u00a0\u00bb _builder_version=\u00a0\u00bb4.19.4&Prime; _module_preset=\u00a0\u00bbdefault\u00a0\u00bb background_image=\u00a0\u00bbhttps:\/\/afoulki-new.org\/wp-content\/uploads\/2021\/07\/Trame-Orange.png\u00a0\u00bb inline_fonts=\u00a0\u00bbBoogaloo\u00a0\u00bb global_colors_info=\u00a0\u00bb{}\u00a0\u00bb]<\/p>\n<h1><span style=\"font-family: Boogaloo; font-weight: normal;\">Une vraie AG <\/span><\/h1>\n<p>&nbsp;[\/et_pb_text][et_pb_text _builder_version=\u00a0\u00bb4.19.4&Prime; _module_preset=\u00a0\u00bbdefault\u00a0\u00bb inline_fonts=\u00a0\u00bbBoogaloo\u00a0\u00bb global_colors_info=\u00a0\u00bb{}\u00a0\u00bb]<\/p>\n<p>&nbsp;<\/p>\n<p><span style=\"font-family: Boogaloo; font-size: x-large;\">Ce 28 mai ce fut aussi la proclamation des r\u00e9sultats de l\u2019AG d\u00e9mat\u00e9rialis\u00e9e (Tout fut adopt\u00e9 \u00e0 l\u2019unanimit\u00e9 moins 3 abstentions, y compris les candidatures au Conseil d\u2019Administration) ; 200 personnes pr\u00e9sentes, 160 convives au m\u00e9choui, et beaucoup de chaleur, sur les corps comme dans les c\u0153urs !  <\/span><\/p>\n<p>[\/et_pb_text][\/et_pb_column][\/et_pb_row][et_pb_row column_structure=\u00a0\u00bb1_4,1_2,1_4&Prime; admin_label=\u00a0\u00bbS\u00e9parateur\u00a0\u00bb _builder_version=\u00a0\u00bb4.16&Prime; _module_preset=\u00a0\u00bbdefault\u00a0\u00bb global_colors_info=\u00a0\u00bb{}\u00a0\u00bb][et_pb_column type=\u00a0\u00bb1_4&Prime; _builder_version=\u00a0\u00bb4.16&Prime; _module_preset=\u00a0\u00bbdefault\u00a0\u00bb global_colors_info=\u00a0\u00bb{}\u00a0\u00bb][\/et_pb_column][et_pb_column type=\u00a0\u00bb1_2&Prime; _builder_version=\u00a0\u00bb4.16&Prime; _module_preset=\u00a0\u00bbdefault\u00a0\u00bb global_colors_info=\u00a0\u00bb{}\u00a0\u00bb][et_pb_divider color=\u00a0\u00bb#000000&Prime; _builder_version=\u00a0\u00bb4.16&Prime; _module_preset=\u00a0\u00bbdefault\u00a0\u00bb global_colors_info=\u00a0\u00bb{}\u00a0\u00bb][\/et_pb_divider][\/et_pb_column][et_pb_column type=\u00a0\u00bb1_4&Prime; _builder_version=\u00a0\u00bb4.16&Prime; _module_preset=\u00a0\u00bbdefault\u00a0\u00bb global_colors_info=\u00a0\u00bb{}\u00a0\u00bb][\/et_pb_column][\/et_pb_row][et_pb_row admin_label=\u00a0\u00bbFAE\u00a0\u00bb module_id=\u00a0\u00bbBouton8&Prime; _builder_version=\u00a0\u00bb4.16&Prime; _module_preset=\u00a0\u00bbdefault\u00a0\u00bb min_height=\u00a0\u00bb597.7px\u00a0\u00bb custom_margin=\u00a0\u00bb29px|auto||auto||\u00a0\u00bb global_colors_info=\u00a0\u00bb{}\u00a0\u00bb][et_pb_column type=\u00a0\u00bb4_4&Prime; _builder_version=\u00a0\u00bb4.16&Prime; _module_preset=\u00a0\u00bbdefault\u00a0\u00bb global_colors_info=\u00a0\u00bb{}\u00a0\u00bb][et_pb_text admin_label=\u00a0\u00bbLe Jardin d\u2019Afoulki \u00a0\u00bb module_id=\u00a0\u00bbBouton8&Prime; _builder_version=\u00a0\u00bb4.19.4&Prime; _module_preset=\u00a0\u00bbdefault\u00a0\u00bb background_image=\u00a0\u00bbhttps:\/\/afoulki-new.org\/wp-content\/uploads\/2021\/07\/Trame-Bleue.png\u00a0\u00bb inline_fonts=\u00a0\u00bbAcme\u00a0\u00bb global_colors_info=\u00a0\u00bb{}\u00a0\u00bb]<\/p>\n<h1><span style=\"color: #e09900; font-family: Boogaloo;\"><span style=\"caret-color: #e09900;\">Solidarit\u00e9 et mixit\u00e9 sociale<\/span><\/span><\/h1>\n<p>[\/et_pb_text][et_pb_text _builder_version=\u00a0\u00bb4.19.4&Prime; _module_preset=\u00a0\u00bbdefault\u00a0\u00bb hover_enabled=\u00a0\u00bb0&Prime; global_colors_info=\u00a0\u00bb{}\u00a0\u00bb sticky_enabled=\u00a0\u00bb0&Prime; link_option_url_new_window=\u00a0\u00bbon\u00a0\u00bb link_option_url=\u00a0\u00bbhttps:\/\/afoulki-new.org\/wp-content\/uploads\/2023\/06\/Bilan-2023_V2.pdf\u00a0\u00bb]<\/p>\n<p><span style=\"font-family: Boogaloo; font-weight: normal; font-size: x-large;\">\u00ab Je ne suis pas revenu tel que je suis parti \u00bb ainsi pourrait se r\u00e9sumer par les jeunes eux-m\u00eames un carnet de voyage, objectivement r\u00e9ussi. Les 6 filles en Bac Pro \u00e0 la MFR du Blayais et les 8 jeunes de la Mission Locale de Blaye, soutenus par les 4 Communaut\u00e9s de Communes, par le Conseil D\u00e9partemental de la Gironde et le dispositif Erasmus ont ainsi pu se confronter au choc culturel g\u00e9n\u00e9r\u00e9 avec la remise en peinture et le jardinage de la coop\u00e9rative d\u2019huile d\u2019argan des femmes de Tidzi, allant m\u00eame jusqu\u2019\u00e0 planter des arganiers le jour de la 1ere journ\u00e9e mondiale de celui-ci ! Approches culturelles de l\u2019artisanat, de la conduite de dromadaires, de la gastronomie, du patrimoine et autres loisirs ont compl\u00e9t\u00e9 un s\u00e9jour o\u00f9 la mixit\u00e9 sociale s\u2019est peu \u00e0 peu forg\u00e9e dans la solidarit\u00e9. Lien you tube sur vid\u00e9o 4 CDC <a href=\"https:\/\/youtu.be\/r98zzfBdz7w\">https:\/\/youtu.be\/r98zzfBdz7w<\/a><\/span><\/p>\n<p style=\"text-align: center;\"><em><span style=\"font-family: Boogaloo; font-weight: normal; font-size: x-large;\">Cliquez n&rsquo;importe o\u00f9 sur le texte pour voir le bilan<\/span><\/em><\/p>\n<p>&nbsp;<\/p>\n<p>[\/et_pb_text][et_pb_image src=\u00a0\u00bbhttps:\/\/afoulki-new.org\/wp-content\/uploads\/2023\/06\/Solidarite.jpg\u00a0\u00bb title_text=\u00a0\u00bbExif_JPEG_420&Prime; url=\u00a0\u00bb#sommaire\u00a0\u00bb _builder_version=\u00a0\u00bb4.19.4&Prime; _module_preset=\u00a0\u00bbdefault\u00a0\u00bb global_colors_info=\u00a0\u00bb{}\u00a0\u00bb][\/et_pb_image][\/et_pb_column][\/et_pb_row][et_pb_row column_structure=\u00a0\u00bb1_4,1_2,1_4&Prime; admin_label=\u00a0\u00bbS\u00e9parateur\u00a0\u00bb _builder_version=\u00a0\u00bb4.16&Prime; _module_preset=\u00a0\u00bbdefault\u00a0\u00bb global_colors_info=\u00a0\u00bb{}\u00a0\u00bb][et_pb_column type=\u00a0\u00bb1_4&Prime; _builder_version=\u00a0\u00bb4.16&Prime; _module_preset=\u00a0\u00bbdefault\u00a0\u00bb global_colors_info=\u00a0\u00bb{}\u00a0\u00bb][\/et_pb_column][et_pb_column type=\u00a0\u00bb1_2&Prime; _builder_version=\u00a0\u00bb4.16&Prime; _module_preset=\u00a0\u00bbdefault\u00a0\u00bb global_colors_info=\u00a0\u00bb{}\u00a0\u00bb][et_pb_divider color=\u00a0\u00bb#000000&Prime; _builder_version=\u00a0\u00bb4.16&Prime; _module_preset=\u00a0\u00bbdefault\u00a0\u00bb global_colors_info=\u00a0\u00bb{}\u00a0\u00bb][\/et_pb_divider][\/et_pb_column][et_pb_column type=\u00a0\u00bb1_4&Prime; _builder_version=\u00a0\u00bb4.16&Prime; _module_preset=\u00a0\u00bbdefault\u00a0\u00bb global_colors_info=\u00a0\u00bb{}\u00a0\u00bb][\/et_pb_column][\/et_pb_row][et_pb_row admin_label=\u00a0\u00bbLigne 2&Prime; module_id=\u00a0\u00bbBouton2&Prime; _builder_version=\u00a0\u00bb4.16&Prime; _module_preset=\u00a0\u00bbdefault\u00a0\u00bb global_colors_info=\u00a0\u00bb{}\u00a0\u00bb][et_pb_column type=\u00a0\u00bb4_4&Prime; _builder_version=\u00a0\u00bb4.16&Prime; _module_preset=\u00a0\u00bbdefault\u00a0\u00bb global_colors_info=\u00a0\u00bb{}\u00a0\u00bb][et_pb_text admin_label=\u00a0\u00bbLe Jardin d\u2019Afoulki \u00a0\u00bb _builder_version=\u00a0\u00bb4.19.4&Prime; _module_preset=\u00a0\u00bbdefault\u00a0\u00bb background_image=\u00a0\u00bbhttps:\/\/afoulki-new.org\/wp-content\/uploads\/2021\/07\/Trame-Bleue.png\u00a0\u00bb inline_fonts=\u00a0\u00bbAcme\u00a0\u00bb global_colors_info=\u00a0\u00bb{}\u00a0\u00bb]<\/p>\n<h1><span style=\"color: #e09900; font-family: Boogaloo;\"><span style=\"caret-color: #e09900;\">La sous-Pr\u00e9f\u00e8te a appr\u00e9ci\u00e9<\/span><\/span><\/h1>\n<p>[\/et_pb_text][et_pb_text _builder_version=\u00a0\u00bb4.19.4&Prime; _module_preset=\u00a0\u00bbdefault\u00a0\u00bb inline_fonts=\u00a0\u00bbAcme,Boogaloo\u00a0\u00bb global_colors_info=\u00a0\u00bb{}\u00a0\u00bb]<\/p>\n<p><span style=\"font-family: Boogaloo; font-weight: normal; font-size: x-large;\">C\u00e9line Maquet, repr\u00e9sentante de l\u2019Etat en Haute-Gironde, avait tenu \u00e0 s\u2019exprimer, en vid\u00e9o lors de notre AG, sur le 1er s\u00e9jour \u00ab Solidarit\u00e9 &amp; Mixit\u00e9 Sociale \u00bb organis\u00e9 par Afoulki, avec le soutien des 4 Communaut\u00e9s de Communes, la MFR du Blayais et la Mission Locale de Blaye. Lien vid\u00e9o <a href=\"https:\/\/youtu.be\/7V0XWTQ9zS0\" target=\"_blank\" rel=\"noopener\">https:\/\/youtu.be\/7V0XWTQ9zS0<\/a><\/span><\/p>\n<p>[\/et_pb_text][\/et_pb_column][\/et_pb_row][et_pb_row column_structure=\u00a0\u00bb1_4,1_2,1_4&Prime; admin_label=\u00a0\u00bbS\u00e9parateur\u00a0\u00bb _builder_version=\u00a0\u00bb4.16&Prime; _module_preset=\u00a0\u00bbdefault\u00a0\u00bb global_colors_info=\u00a0\u00bb{}\u00a0\u00bb][et_pb_column type=\u00a0\u00bb1_4&Prime; _builder_version=\u00a0\u00bb4.16&Prime; _module_preset=\u00a0\u00bbdefault\u00a0\u00bb global_colors_info=\u00a0\u00bb{}\u00a0\u00bb][\/et_pb_column][et_pb_column type=\u00a0\u00bb1_2&Prime; _builder_version=\u00a0\u00bb4.16&Prime; _module_preset=\u00a0\u00bbdefault\u00a0\u00bb global_colors_info=\u00a0\u00bb{}\u00a0\u00bb][et_pb_divider color=\u00a0\u00bb#000000&Prime; _builder_version=\u00a0\u00bb4.16&Prime; _module_preset=\u00a0\u00bbdefault\u00a0\u00bb global_colors_info=\u00a0\u00bb{}\u00a0\u00bb][\/et_pb_divider][\/et_pb_column][et_pb_column type=\u00a0\u00bb1_4&Prime; _builder_version=\u00a0\u00bb4.16&Prime; _module_preset=\u00a0\u00bbdefault\u00a0\u00bb global_colors_info=\u00a0\u00bb{}\u00a0\u00bb][\/et_pb_column][\/et_pb_row][et_pb_row column_structure=\u00a0\u00bb2_5,3_5&Prime; admin_label=\u00a0\u00bbanimation culturelle\u00a0\u00bb module_id=\u00a0\u00bbBouton9&Prime; _builder_version=\u00a0\u00bb4.16&Prime; _module_preset=\u00a0\u00bbdefault\u00a0\u00bb global_colors_info=\u00a0\u00bb{}\u00a0\u00bb][et_pb_column type=\u00a0\u00bb2_5&Prime; _builder_version=\u00a0\u00bb4.16&Prime; _module_preset=\u00a0\u00bbdefault\u00a0\u00bb global_colors_info=\u00a0\u00bb{}\u00a0\u00bb][et_pb_video src=\u00a0\u00bbhttps:\/\/afoulki-new.org\/wp-content\/uploads\/2023\/06\/Video-Chateau.mp4&Prime; _builder_version=\u00a0\u00bb4.19.4&Prime; _module_preset=\u00a0\u00bbdefault\u00a0\u00bb global_colors_info=\u00a0\u00bb{}\u00a0\u00bb][\/et_pb_video][\/et_pb_column][et_pb_column type=\u00a0\u00bb3_5&Prime; _builder_version=\u00a0\u00bb4.16&Prime; _module_preset=\u00a0\u00bbdefault\u00a0\u00bb global_colors_info=\u00a0\u00bb{}\u00a0\u00bb][et_pb_text admin_label=\u00a0\u00bbAfoulki sur Essaouira \u00a0\u00bb _builder_version=\u00a0\u00bb4.19.4&Prime; _module_preset=\u00a0\u00bbdefault\u00a0\u00bb background_image=\u00a0\u00bbhttps:\/\/afoulki-new.org\/wp-content\/uploads\/2021\/07\/Trame-Orange.png\u00a0\u00bb global_colors_info=\u00a0\u00bb{}\u00a0\u00bb]<\/p>\n<h1>S\u00e9jour St M\u00e9dard <\/h1>\n<p>[\/et_pb_text][et_pb_text _builder_version=\u00a0\u00bb4.19.4&Prime; _module_preset=\u00a0\u00bbdefault\u00a0\u00bb inline_fonts=\u00a0\u00bbAcme\u00a0\u00bb global_colors_info=\u00a0\u00bb{}\u00a0\u00bb]<span style=\"font-family: Boogaloo; font-weight: normal; font-size: x-large;\">Le Centre Afoulki \u00e9tait gav\u00e9 grave durant ces 3 semaines de mai : 14 jeunes de Saint M\u00e9dard en Jalles, 4 encadrants, 10 jeunes marocains, 6 jeunes qu\u00e9b\u00e9cois et leurs 3 encadrants ! Les cuisines furent parfois au bord de l\u2019explosion, mais le personnel Afoulki a pu assurer, avec toute la solidarit\u00e9 du groupe. Tous ces jeunes ont notamment r\u00e9nov\u00e9 l\u2019\u00e9cole Miraman de Sidi Kaouki et ont commenc\u00e9 l\u2019am\u00e9nagement du futur studio du Ch\u00e2teau d\u2019eau de notre Centre, qui se poursuivra en septembre avec le 12\u00e8me \u00ab chantier peinture \u00bb ! <\/span>[\/et_pb_text][\/et_pb_column][\/et_pb_row][et_pb_row column_structure=\u00a0\u00bb1_4,1_2,1_4&Prime; admin_label=\u00a0\u00bbS\u00e9parateur\u00a0\u00bb _builder_version=\u00a0\u00bb4.16&Prime; _module_preset=\u00a0\u00bbdefault\u00a0\u00bb global_colors_info=\u00a0\u00bb{}\u00a0\u00bb][et_pb_column type=\u00a0\u00bb1_4&Prime; _builder_version=\u00a0\u00bb4.16&Prime; _module_preset=\u00a0\u00bbdefault\u00a0\u00bb global_colors_info=\u00a0\u00bb{}\u00a0\u00bb][\/et_pb_column][et_pb_column type=\u00a0\u00bb1_2&Prime; _builder_version=\u00a0\u00bb4.16&Prime; _module_preset=\u00a0\u00bbdefault\u00a0\u00bb global_colors_info=\u00a0\u00bb{}\u00a0\u00bb][et_pb_divider color=\u00a0\u00bb#000000&Prime; _builder_version=\u00a0\u00bb4.16&Prime; _module_preset=\u00a0\u00bbdefault\u00a0\u00bb global_colors_info=\u00a0\u00bb{}\u00a0\u00bb][\/et_pb_divider][\/et_pb_column][et_pb_column type=\u00a0\u00bb1_4&Prime; _builder_version=\u00a0\u00bb4.16&Prime; _module_preset=\u00a0\u00bbdefault\u00a0\u00bb global_colors_info=\u00a0\u00bb{}\u00a0\u00bb][\/et_pb_column][\/et_pb_row][et_pb_row column_structure=\u00a0\u00bb1_2,1_2&Prime; admin_label=\u00a0\u00bbLigne 2&Prime; module_id=\u00a0\u00bbBouton2&Prime; _builder_version=\u00a0\u00bb4.16&Prime; _module_preset=\u00a0\u00bbdefault\u00a0\u00bb min_height=\u00a0\u00bb485px\u00a0\u00bb custom_margin=\u00a0\u00bb11px|auto||auto||\u00a0\u00bb custom_padding=\u00a0\u00bb||30px|||\u00a0\u00bb global_colors_info=\u00a0\u00bb{}\u00a0\u00bb][et_pb_column type=\u00a0\u00bb1_2&Prime; _builder_version=\u00a0\u00bb4.16&Prime; _module_preset=\u00a0\u00bbdefault\u00a0\u00bb global_colors_info=\u00a0\u00bb{}\u00a0\u00bb][et_pb_text admin_label=\u00a0\u00bbLes chantiers \u00e9coles \u00a0\u00bb module_id=\u00a0\u00bbBouton11&Prime; _builder_version=\u00a0\u00bb4.19.4&Prime; _module_preset=\u00a0\u00bbdefault\u00a0\u00bb background_image=\u00a0\u00bbhttps:\/\/afoulki-new.org\/wp-content\/uploads\/2021\/07\/Trame-Bleue.png\u00a0\u00bb inline_fonts=\u00a0\u00bbAcme\u00a0\u00bb global_colors_info=\u00a0\u00bb{}\u00a0\u00bb]<\/p>\n<h1><span style=\"font-family: Acme; font-weight: normal; color: #e09900;\">Ecole autonome<\/span><\/h1>\n<p>[\/et_pb_text][et_pb_text _builder_version=\u00a0\u00bb4.19.4&Prime; _module_preset=\u00a0\u00bbdefault\u00a0\u00bb inline_fonts=\u00a0\u00bbAcme,Boogaloo\u00a0\u00bb global_colors_info=\u00a0\u00bb{}\u00a0\u00bb]<\/p>\n<p><span style=\"font-family: Boogaloo; font-weight: normal; font-size: x-large;\">La 1\u00e8re \u00e9cole 100% autonome en \u00e9nergies et assainissement est plus que jamais dans nos projets. C\u00f4t\u00e9 technique, nous attendons, avec le cabinet Archibionik, une rentr\u00e9e plus cons\u00e9quente des subventions pour travailler sur l\u2019APS (Avant Projet Sommaire). C\u00f4t\u00e9 financier, rappelons qu\u2019il nous faut trouver 180 000\u20ac. A ce jour, 320 000\u20ac ont \u00e9t\u00e9 sollicit\u00e9s aupr\u00e8s de Fondations d\u2019Entreprises, m\u00e9c\u00e8nes et collectivit\u00e9s. Nous avons re\u00e7u pour 36 000\u20ac de r\u00e9ponse positives et sommes dans l\u2019attente et l\u2019espoir de r\u00e9ponses pour 260 000\u20ac \u2026 Incha Allah ! Nous avons rendez-vous chez la Ministre de la Transition Energ\u00e9tique Agn\u00e8s-Pannier-Runacher le 5 juillet prochain et essayons de faire de m\u00eame avec son homologue au Maroc,  Leila Benali<\/span><\/p>\n<p>[\/et_pb_text][\/et_pb_column][et_pb_column type=\u00a0\u00bb1_2&Prime; _builder_version=\u00a0\u00bb4.16&Prime; _module_preset=\u00a0\u00bbdefault\u00a0\u00bb global_colors_info=\u00a0\u00bb{}\u00a0\u00bb][et_pb_image src=\u00a0\u00bbhttps:\/\/afoulki-new.org\/wp-content\/uploads\/2023\/06\/Leila-Benali-ministre.jpg\u00a0\u00bb title_text=\u00a0\u00bbLeila Benali, ministre de la Transition \u00c3\u00a9nerg\u00c3\u00a9tique et du D\u00c3\u00a9veloppement durable.\u00a0\u00bb url=\u00a0\u00bb#sommaire\u00a0\u00bb _builder_version=\u00a0\u00bb4.19.4&Prime; _module_preset=\u00a0\u00bbdefault\u00a0\u00bb global_colors_info=\u00a0\u00bb{}\u00a0\u00bb][\/et_pb_image][\/et_pb_column][\/et_pb_row][et_pb_row _builder_version=\u00a0\u00bb4.19.4&Prime; _module_preset=\u00a0\u00bbdefault\u00a0\u00bb column_structure=\u00a0\u00bb1_2,1_2&Prime;][et_pb_column _builder_version=\u00a0\u00bb4.19.4&Prime; _module_preset=\u00a0\u00bbdefault\u00a0\u00bb type=\u00a0\u00bb1_2&Prime;][et_pb_button button_text=\u00a0\u00bbCourrier de Karim Ben Cheikh D\u00e9put\u00e9 de la 9e circonscription des Fran\u00e7ais \u00e9tablis hors de France\u00a0\u00bb _builder_version=\u00a0\u00bb4.19.4&Prime; _module_preset=\u00a0\u00bbdefault\u00a0\u00bb button_url=\u00a0\u00bbhttps:\/\/afoulki-new.org\/wp-content\/uploads\/2023\/06\/Proposition-de-courrier-Association-AFOULKI-7.pdf\u00a0\u00bb url_new_window=\u00a0\u00bbon\u00a0\u00bb hover_enabled=\u00a0\u00bb0&Prime; sticky_enabled=\u00a0\u00bb0&Prime;][\/et_pb_button][\/et_pb_column][et_pb_column _builder_version=\u00a0\u00bb4.19.4&Prime; _module_preset=\u00a0\u00bbdefault\u00a0\u00bb type=\u00a0\u00bb1_2&Prime;][\/et_pb_column][\/et_pb_row][et_pb_row column_structure=\u00a0\u00bb2_5,3_5&Prime; admin_label=\u00a0\u00bbLigne 2&Prime; module_id=\u00a0\u00bbBouton20&Prime; _builder_version=\u00a0\u00bb4.19.4&Prime; _module_preset=\u00a0\u00bbdefault\u00a0\u00bb min_height=\u00a0\u00bb363px\u00a0\u00bb global_colors_info=\u00a0\u00bb{}\u00a0\u00bb][et_pb_column type=\u00a0\u00bb2_5&Prime; _builder_version=\u00a0\u00bb4.16&Prime; _module_preset=\u00a0\u00bbdefault\u00a0\u00bb global_colors_info=\u00a0\u00bb{}\u00a0\u00bb][et_pb_image src=\u00a0\u00bbhttps:\/\/afoulki-new.org\/wp-content\/uploads\/2023\/06\/CMSO-Roses-scaled.jpg\u00a0\u00bb title_text=\u00a0\u00bbCMSO Roses\u00a0\u00bb url=\u00a0\u00bb#hautsommaire\u00a0\u00bb _builder_version=\u00a0\u00bb4.19.4&Prime; _module_preset=\u00a0\u00bbdefault\u00a0\u00bb global_colors_info=\u00a0\u00bb{}\u00a0\u00bb][\/et_pb_image][\/et_pb_column][et_pb_column type=\u00a0\u00bb3_5&Prime; _builder_version=\u00a0\u00bb4.16&Prime; _module_preset=\u00a0\u00bbdefault\u00a0\u00bb global_colors_info=\u00a0\u00bb{}\u00a0\u00bb][et_pb_text _builder_version=\u00a0\u00bb4.19.4&Prime; _module_preset=\u00a0\u00bbdefault\u00a0\u00bb background_image=\u00a0\u00bbhttps:\/\/afoulki-new.org\/wp-content\/uploads\/2021\/07\/Trame-Orange.png\u00a0\u00bb inline_fonts=\u00a0\u00bbAcme\u00a0\u00bb global_colors_info=\u00a0\u00bb{}\u00a0\u00bb]<\/p>\n<p style=\"font-weight: 400;\"><strong><em>Roses d\u2019Aquitaine<\/em><\/strong><\/p>\n<p>[\/et_pb_text][et_pb_text _builder_version=\u00a0\u00bb4.19.4&Prime; _module_preset=\u00a0\u00bbdefault\u00a0\u00bb inline_fonts=\u00a0\u00bbAcme,Boogaloo\u00a0\u00bb global_colors_info=\u00a0\u00bb{}\u00a0\u00bb]<span style=\"font-family: Boogaloo; font-weight: normal; font-size: x-large;\">Sabrina et Carine ont \u00e9t\u00e9 g\u00e9n\u00e9reuses. Alors qu\u2019elles avaient boucl\u00e9 le Rallye \u00ab Roses des Sables \u00bb \u00e0 la 30\u00e8me place en Octobre 2022, elles ont vers\u00e9 le solde de leur budget par moiti\u00e9 \u00e0 l\u2019association \u00ab Jeunes et Roses \u00bb et \u00e0 Afoulki. Un ch\u00e8que de 1272 \u20ac de l\u2019\u00e9quipage qui avait particip\u00e9 au Souk du Festival Afoulki 2022, somme qui sera affect\u00e9e \u00e0 la construction de l\u2019\u00e9cole 100% autonome en \u00e9nergie du Maroc.  <\/span>[\/et_pb_text][\/et_pb_column][\/et_pb_row][et_pb_row admin_label=\u00a0\u00bbLigne 2&Prime; module_id=\u00a0\u00bbBouton21&Prime; _builder_version=\u00a0\u00bb4.19.4&Prime; _module_preset=\u00a0\u00bbdefault\u00a0\u00bb global_colors_info=\u00a0\u00bb{}\u00a0\u00bb][et_pb_column type=\u00a0\u00bb4_4&Prime; _builder_version=\u00a0\u00bb4.16&Prime; _module_preset=\u00a0\u00bbdefault\u00a0\u00bb global_colors_info=\u00a0\u00bb{}\u00a0\u00bb][et_pb_text _builder_version=\u00a0\u00bb4.19.4&Prime; _module_preset=\u00a0\u00bbdefault\u00a0\u00bb background_image=\u00a0\u00bbhttps:\/\/afoulki-new.org\/wp-content\/uploads\/2021\/07\/Trame-Bleue.png\u00a0\u00bb inline_fonts=\u00a0\u00bbAcme,Boogaloo\u00a0\u00bb global_colors_info=\u00a0\u00bb{}\u00a0\u00bb]<\/p>\n<h1><span style=\"color: #e09900; font-family: Boogaloo;\"><span style=\"caret-color: #e09900;\">FAE Parrainages<\/span><\/span><\/h1>\n<p>[\/et_pb_text][et_pb_text _builder_version=\u00a0\u00bb4.19.4&Prime; _module_preset=\u00a0\u00bbdefault\u00a0\u00bb inline_fonts=\u00a0\u00bbAcme,Boogaloo\u00a0\u00bb global_colors_info=\u00a0\u00bb{}\u00a0\u00bb]<\/p>\n<p>&nbsp;<\/p>\n<p><span style=\"font-family: Boogaloo; font-weight: normal; font-size: x-large;\">Pour 15 euros par mois (5 apr\u00e8s d\u00e9duction fiscale), vous pouvez permettre \u00e0 une jeune fille motiv\u00e9e, issue d\u2019un milieu d\u2019une extr\u00eame pauvret\u00e9, d\u2019acc\u00e9der au coll\u00e8ge, au lyc\u00e9e, puis \u00e0 l\u2019universit\u00e9, pour s\u2019autonomiser et \u00e9chapper ainsi au mariage pr\u00e9coce et non choisi. \u00c7a vous tente ? <a href=\"https:\/\/afoulki-new.org\/index.php\/parrainer\/\" target=\"_blank\" rel=\"noopener\">Alors suivez le lien ! <\/a><\/span><\/p>\n<p>[\/et_pb_text][\/et_pb_column][\/et_pb_row][et_pb_row column_structure=\u00a0\u00bb1_4,1_2,1_4&Prime; admin_label=\u00a0\u00bbS\u00e9parateur\u00a0\u00bb _builder_version=\u00a0\u00bb4.16&Prime; _module_preset=\u00a0\u00bbdefault\u00a0\u00bb global_colors_info=\u00a0\u00bb{}\u00a0\u00bb][et_pb_column type=\u00a0\u00bb1_4&Prime; _builder_version=\u00a0\u00bb4.16&Prime; _module_preset=\u00a0\u00bbdefault\u00a0\u00bb global_colors_info=\u00a0\u00bb{}\u00a0\u00bb][\/et_pb_column][et_pb_column type=\u00a0\u00bb1_2&Prime; _builder_version=\u00a0\u00bb4.16&Prime; _module_preset=\u00a0\u00bbdefault\u00a0\u00bb global_colors_info=\u00a0\u00bb{}\u00a0\u00bb][et_pb_divider color=\u00a0\u00bb#000000&Prime; _builder_version=\u00a0\u00bb4.16&Prime; _module_preset=\u00a0\u00bbdefault\u00a0\u00bb global_colors_info=\u00a0\u00bb{}\u00a0\u00bb][\/et_pb_divider][\/et_pb_column][et_pb_column type=\u00a0\u00bb1_4&Prime; _builder_version=\u00a0\u00bb4.16&Prime; _module_preset=\u00a0\u00bbdefault\u00a0\u00bb global_colors_info=\u00a0\u00bb{}\u00a0\u00bb][\/et_pb_column][\/et_pb_row][et_pb_row admin_label=\u00a0\u00bbLigne 2&Prime; module_id=\u00a0\u00bbBouton20&Prime; _builder_version=\u00a0\u00bb4.19.4&Prime; _module_preset=\u00a0\u00bbdefault\u00a0\u00bb min_height=\u00a0\u00bb363px\u00a0\u00bb custom_margin=\u00a0\u00bb|auto|-150px|auto||\u00a0\u00bb global_colors_info=\u00a0\u00bb{}\u00a0\u00bb][et_pb_column type=\u00a0\u00bb4_4&Prime; _builder_version=\u00a0\u00bb4.16&Prime; _module_preset=\u00a0\u00bbdefault\u00a0\u00bb global_colors_info=\u00a0\u00bb{}\u00a0\u00bb][et_pb_text _builder_version=\u00a0\u00bb4.19.4&Prime; _module_preset=\u00a0\u00bbdefault\u00a0\u00bb background_image=\u00a0\u00bbhttps:\/\/afoulki-new.org\/wp-content\/uploads\/2021\/07\/Trame-Orange.png\u00a0\u00bb inline_fonts=\u00a0\u00bbAcme\u00a0\u00bb global_colors_info=\u00a0\u00bb{}\u00a0\u00bb]<\/p>\n<p style=\"font-weight: 400;\"><strong><em>Cotisation 2023<\/em><\/strong><\/p>\n<p>[\/et_pb_text][et_pb_text _builder_version=\u00a0\u00bb4.19.4&Prime; _module_preset=\u00a0\u00bbdefault\u00a0\u00bb inline_fonts=\u00a0\u00bbAcme,Boogaloo\u00a0\u00bb global_colors_info=\u00a0\u00bb{}\u00a0\u00bb]<\/p>\n<p><span style=\"font-family: Boogaloo; font-weight: normal; font-size: x-large;\">Afoulki a besoin de votre soutien moral, de celui qui vous rend fier d\u2019aider votre association. Et sans vos chaleureux encouragements, nous n\u2019aurions sans doute pas toujours envie de d\u00e9passer l\u2019impossible. En renouvelant votre attachement ou en adh\u00e9rant \u00e0 Afoulki, vous pouvez d\u00e9cupler nos enthousiasmes et nos \u00e9nergies : \u00e0 raison de 12 \u20ac par an, et plus si affinit\u00e9 passionn\u00e9e : <a href=\"https:\/\/afoulki-new.org\/index.php\/adherer\/\" target=\"_blank\" rel=\"noopener\">Cliquez sur le lien ! <\/a><\/span><\/p>\n<p>[\/et_pb_text][\/et_pb_column][\/et_pb_row][\/et_pb_section][et_pb_section fb_built=\u00a0\u00bb1&Prime; _builder_version=\u00a0\u00bb4.16&Prime; _module_preset=\u00a0\u00bbdefault\u00a0\u00bb global_colors_info=\u00a0\u00bb{}\u00a0\u00bb][et_pb_row _builder_version=\u00a0\u00bb4.16&Prime; _module_preset=\u00a0\u00bbdefault\u00a0\u00bb global_colors_info=\u00a0\u00bb{}\u00a0\u00bb][et_pb_column type=\u00a0\u00bb4_4&Prime; _builder_version=\u00a0\u00bb4.16&Prime; _module_preset=\u00a0\u00bbdefault\u00a0\u00bb global_colors_info=\u00a0\u00bb{}\u00a0\u00bb][et_pb_post_slider posts_number=\u00a0\u00bb5&Prime; include_categories=\u00a0\u00bb63&Prime; show_meta=\u00a0\u00bboff\u00a0\u00bb _builder_version=\u00a0\u00bb4.16&Prime; _module_preset=\u00a0\u00bbdefault\u00a0\u00bb global_colors_info=\u00a0\u00bb{}\u00a0\u00bb][\/et_pb_post_slider][\/et_pb_column][\/et_pb_row][\/et_pb_section][et_pb_section fb_built=\u00a0\u00bb1&Prime; _builder_version=\u00a0\u00bb4.16&Prime; _module_preset=\u00a0\u00bbdefault\u00a0\u00bb global_colors_info=\u00a0\u00bb{}\u00a0\u00bb][\/et_pb_section]<\/p>\n","protected":false},"excerpt":{"rendered":"<p>Sommaire 9 septembreC\u2019est le 8 et le 9 septembre \u00e0 venir que, avec tous les amis d\u2019Afoulki pr\u00e9sents pour ce qui demeure la \u00ab 12\u00e8me mission peinture \u00bb, nous allons f\u00eater nos 20 ans au Maroc : conf\u00e9rence sur l\u2019histoire d\u2019Afoulki le vendredi soir \u00e0 l\u2019Institut Fran\u00e7ais d\u2019Essaouira, r\u00e9ception festive des 110 filleules en activit\u00e9s [&hellip;]<\/p>\n","protected":false},"author":1,"featured_media":0,"comment_status":"closed","ping_status":"open","sticky":false,"template":"","format":"standard","meta":{"_et_pb_use_builder":"on","_et_pb_old_content":"","_et_gb_content_width":"","_jetpack_memberships_contains_paid_content":false,"footnotes":""},"categories":[65,45,63,20,21],"tags":[],"class_list":["post-3438","post","type-post","status-publish","format-standard","hentry","category-communication","category-important","category-la-newsletter","category-newsletter","category-presse"],"jetpack_featured_media_url":"","jetpack_sharing_enabled":true,"_links":{"self":[{"href":"https:\/\/afoulki-new.org\/index.php\/wp-json\/wp\/v2\/posts\/3438","targetHints":{"allow":["GET"]}}],"collection":[{"href":"https:\/\/afoulki-new.org\/index.php\/wp-json\/wp\/v2\/posts"}],"about":[{"href":"https:\/\/afoulki-new.org\/index.php\/wp-json\/wp\/v2\/types\/post"}],"author":[{"embeddable":true,"href":"https:\/\/afoulki-new.org\/index.php\/wp-json\/wp\/v2\/users\/1"}],"replies":[{"embeddable":true,"href":"https:\/\/afoulki-new.org\/index.php\/wp-json\/wp\/v2\/comments?post=3438"}],"version-history":[{"count":32,"href":"https:\/\/afoulki-new.org\/index.php\/wp-json\/wp\/v2\/posts\/3438\/revisions"}],"predecessor-version":[{"id":3841,"href":"https:\/\/afoulki-new.org\/index.php\/wp-json\/wp\/v2\/posts\/3438\/revisions\/3841"}],"wp:attachment":[{"href":"https:\/\/afoulki-new.org\/index.php\/wp-json\/wp\/v2\/media?parent=3438"}],"wp:term":[{"taxonomy":"category","embeddable":true,"href":"https:\/\/afoulki-new.org\/index.php\/wp-json\/wp\/v2\/categories?post=3438"},{"taxonomy":"post_tag","embeddable":true,"href":"https:\/\/afoulki-new.org\/index.php\/wp-json\/wp\/v2\/tags?post=3438"}],"curies":[{"name":"wp","href":"https:\/\/api.w.org\/{rel}","templated":true}]}}